{"id":48721,"date":"2025-08-28T14:20:07","date_gmt":"2025-08-28T14:20:07","guid":{"rendered":"https:\/\/www.europesays.com\/pt\/48721\/"},"modified":"2025-08-28T14:20:07","modified_gmt":"2025-08-28T14:20:07","slug":"fc-porto-impoe-condicao-para-avancar-por-kenneth-taylor","status":"publish","type":"post","link":"https:\/\/www.europesays.com\/pt\/48721\/","title":{"rendered":"FC Porto imp\u00f5e condi\u00e7\u00e3o para avan\u00e7ar por Kenneth Taylor"},"content":{"rendered":"<p><strong>O FC Porto est\u00e1 interessado em contratar Kenneth Taylor neste mercado de transfer\u00eancias, mas n\u00e3o vai entrar em loucuras.<\/strong><\/p>\n<p>Kenneth Taylor continua a ser um nome muito apreciado pelo FC Porto, principalmente<a href=\"https:\/\/bolanarede.pt\/especial-bola-na-rede\/atualidade\/fc-porto-pode-avancar-por-kenneth-taylor-com-a-saida-de-rodrigo-mora\/\" target=\"_blank\" rel=\"noreferrer noopener nofollow\"> se Rodrigo Mora sair no final deste mercado<\/a>, mas o conjunto do Drag\u00e3o n\u00e3o vai entrar em loucuras pelo m\u00e9dio. De acordo com o jornal A Bola, a equipa n\u00e3o vai pagar 25 milh\u00f5es de euros pelo m\u00e9dio.<\/p>\n<p>O neerland\u00eas \u00e9 muito apreciado por Francesco Farioli, depois de se ter cruzado com o jogador em Amesterd\u00e3o. Na presente temporada soma tr\u00eas encontros, mas ainda n\u00e3o marcou nenhum golo. Na \u00faltima \u00e9poca fez 52 jogos, 15 golos e nove assist\u00eancias.<\/p>\n<p>O seu atual contrato termina em 2027.<\/p>\n","protected":false},"excerpt":{"rendered":"O FC Porto est\u00e1 interessado em contratar Kenneth Taylor neste mercado de transfer\u00eancias, mas n\u00e3o vai entrar em&hellip;\n","protected":false},"author":2,"featured_media":48722,"comment_status":"","ping_status":"","sticky":false,"template":"","format":"standard","meta":{"footnotes":""},"categories":[87],"tags":[1069,260,135,478,282,14331,32,479,33,134],"class_list":{"0":"post-48721","1":"post","2":"type-post","3":"status-publish","4":"format-standard","5":"has-post-thumbnail","7":"category-desporto","8":"tag-ajax","9":"tag-atualidade","10":"tag-desporto","11":"tag-destaques-bnr","12":"tag-fc-porto","13":"tag-kenneth-taylor","14":"tag-portugal","15":"tag-primeira-liga","16":"tag-pt","17":"tag-sports"},"share_on_mastodon":{"url":"","error":""},"_links":{"self":[{"href":"https:\/\/www.europesays.com\/pt\/wp-json\/wp\/v2\/posts\/48721","targetHints":{"allow":["GET"]}}],"collection":[{"href":"https:\/\/www.europesays.com\/pt\/wp-json\/wp\/v2\/posts"}],"about":[{"href":"https:\/\/www.europesays.com\/pt\/wp-json\/wp\/v2\/types\/post"}],"author":[{"embeddable":true,"href":"https:\/\/www.europesays.com\/pt\/wp-json\/wp\/v2\/users\/2"}],"replies":[{"embeddable":true,"href":"https:\/\/www.europesays.com\/pt\/wp-json\/wp\/v2\/comments?post=48721"}],"version-history":[{"count":0,"href":"https:\/\/www.europesays.com\/pt\/wp-json\/wp\/v2\/posts\/48721\/revisions"}],"wp:featuredmedia":[{"embeddable":true,"href":"https:\/\/www.europesays.com\/pt\/wp-json\/wp\/v2\/media\/48722"}],"wp:attachment":[{"href":"https:\/\/www.europesays.com\/pt\/wp-json\/wp\/v2\/media?parent=48721"}],"wp:term":[{"taxonomy":"category","embeddable":true,"href":"https:\/\/www.europesays.com\/pt\/wp-json\/wp\/v2\/categories?post=48721"},{"taxonomy":"post_tag","embeddable":true,"href":"https:\/\/www.europesays.com\/pt\/wp-json\/wp\/v2\/tags?post=48721"}],"curies":[{"name":"wp","href":"https:\/\/api.w.org\/{rel}","templated":true}]}}