{"id":487680,"date":"2026-08-15T11:17:28","date_gmt":"2026-08-15T11:17:28","guid":{"rendered":"https:\/\/www.europesays.com\/pt\/487680\/"},"modified":"2026-08-15T11:17:28","modified_gmt":"2026-08-15T11:17:28","slug":"sporting-em-conversacoes-para-contratar-jovem-guarda-redes-do-palmeiras","status":"publish","type":"post","link":"https:\/\/www.europesays.com\/pt\/487680\/","title":{"rendered":"Sporting em conversa\u00e7\u00f5es para contratar jovem guarda-redes do Palmeiras"},"content":{"rendered":"<p>O Sporting tem conversa\u00e7\u00f5es em andamento para contratar o jovem guarda-redes brasileiro Kaique Pereira, que pertence ao Palmeiras e representou o Nacional na \u00e9poca passada, sabe o <strong>Maisfutebol<\/strong>.<\/p>\n<p>De regresso ao Brasil, depois tamb\u00e9m de ter atuado pelo Farense, em 2024\/25, o guardi\u00e3o de 23 anos hoje \u00e9 suplente na equipa dirigida pelo portugu\u00eas Abel Ferreira.<\/p>\n<p>O emblema de S\u00e3o Paulo aposta no potencial de Kaique, que foi internacional sub-20, mas est\u00e1 disposto a avan\u00e7ar com uma transfer\u00eancia em definitivo, a depender dos valores envolvidos.<\/p>\n<p>Kaique Pereira foi formado no pr\u00f3prio Palmeiras, onde n\u00e3o chegou a jogar pela equipa A, e fez 28 partidas oficiais pelo Nacional na temporada passada.<\/p>\n<p>Neste momento, recorde-se, <a href=\"https:\/\/maisfutebol.iol.pt\/sporting\/joao-virginia\/sporting-joao-virginia-de-saida-sad-procura-guarda-redes\" target=\"_blank\" rel=\"nofollow noopener\"><strong>o Sporting trabalha com a possibilidade de negociar a sa\u00edda de Jo\u00e3o Virg\u00ednia<\/strong><\/a> e, por isso, procura um substituto no mercado.<\/p>\n<p><strong>LEIA MAIS:\u00a0<a href=\"https:\/\/maisfutebol.iol.pt\/cronologia\/6373897a0cf2254fb2824fe4\" target=\"_blank\" wbo-id=\"182\" rel=\"nofollow noopener\">tudo sobre o mercado de transfer\u00eancias<\/a><\/strong><\/p>\n","protected":false},"excerpt":{"rendered":"O Sporting tem conversa\u00e7\u00f5es em andamento para contratar o jovem guarda-redes brasileiro Kaique Pereira, que pertence ao Palmeiras&hellip;\n","protected":false},"author":2,"featured_media":487681,"comment_status":"","ping_status":"","sticky":false,"template":"","format":"standard","meta":{"footnotes":"","_share_on_mastodon":"0"},"categories":[87],"tags":[135,77927,77928,46,40,42,41,728,1621,32,33,47,34,134,35],"class_list":["post-487680","post","type-post","status-publish","format-standard","has-post-thumbnail","category-desporto","tag-desporto","tag-kaique","tag-kaique-pereira","tag-maisfutebol","tag-maistransferencias","tag-mercado","tag-mercado-de-transferencias","tag-mercado-sporting","tag-palmeiras","tag-portugal","tag-pt","tag-pura-paixao","tag-sporting","tag-sports","tag-transferencias"],"share_on_mastodon":{"url":"https:\/\/pubeurope.com\/@pt\/117099249490082271","error":""},"_links":{"self":[{"href":"https:\/\/www.europesays.com\/pt\/wp-json\/wp\/v2\/posts\/487680","targetHints":{"allow":["GET"]}}],"collection":[{"href":"https:\/\/www.europesays.com\/pt\/wp-json\/wp\/v2\/posts"}],"about":[{"href":"https:\/\/www.europesays.com\/pt\/wp-json\/wp\/v2\/types\/post"}],"author":[{"embeddable":true,"href":"https:\/\/www.europesays.com\/pt\/wp-json\/wp\/v2\/users\/2"}],"replies":[{"embeddable":true,"href":"https:\/\/www.europesays.com\/pt\/wp-json\/wp\/v2\/comments?post=487680"}],"version-history":[{"count":0,"href":"https:\/\/www.europesays.com\/pt\/wp-json\/wp\/v2\/posts\/487680\/revisions"}],"wp:featuredmedia":[{"embeddable":true,"href":"https:\/\/www.europesays.com\/pt\/wp-json\/wp\/v2\/media\/487681"}],"wp:attachment":[{"href":"https:\/\/www.europesays.com\/pt\/wp-json\/wp\/v2\/media?parent=487680"}],"wp:term":[{"taxonomy":"category","embeddable":true,"href":"https:\/\/www.europesays.com\/pt\/wp-json\/wp\/v2\/categories?post=487680"},{"taxonomy":"post_tag","embeddable":true,"href":"https:\/\/www.europesays.com\/pt\/wp-json\/wp\/v2\/tags?post=487680"}],"curies":[{"name":"wp","href":"https:\/\/api.w.org\/{rel}","templated":true}]}}