{"id":487740,"date":"2026-08-15T12:08:37","date_gmt":"2026-08-15T12:08:37","guid":{"rendered":"https:\/\/www.europesays.com\/pt\/487740\/"},"modified":"2026-08-15T12:08:37","modified_gmt":"2026-08-15T12:08:37","slug":"salma-hayek-celebra-a-chegada-do-primeiro-neto","status":"publish","type":"post","link":"https:\/\/www.europesays.com\/pt\/487740\/","title":{"rendered":"Salma Hayek celebra a chegada do primeiro neto"},"content":{"rendered":"<p class=\"wp-block-paragraph\">Aos 59 anos, Salma Hayek vive um momento especial: est\u00e1 assumindo oficialmente o papel de av\u00f3, depois que o marido, o empres\u00e1rio Fran\u00e7ois-Henti Pinault se tornou av\u00f4 pela primeira vez.<\/p>\n<p class=\"has-luminous-vivid-orange-color has-text-color has-link-color wp-elements-9585e6e28607f01da9b12cd43cc414b1 wp-block-paragraph\"><a href=\"https:\/\/chat.whatsapp.com\/FnDWEihz4meDvhNL3hsfMi\" target=\"_blank\" rel=\"noreferrer noopener nofollow\"><strong>Receba as not\u00edcias de OFuxico no seu celular!<\/strong><\/a><\/p>\n<p class=\"wp-block-paragraph\">A novidade veio \u00e0 tona ap\u00f3s a divulga\u00e7\u00e3o de fotos \u00edntimas da fam\u00edlia, nas quais a atriz mexicana aparece segurando carinhosamente no colo o beb\u00ea Fran\u00e7ois, novo herdeiro de um dos imp\u00e9rios mais poderosos do luxo mundial.<\/p>\n<p class=\"wp-block-paragraph\">A crian\u00e7a, que inaugura uma nova gera\u00e7\u00e3o para a dinastia Pinault, nasceu em julho.<\/p>\n<blockquote class=\"instagram-media\" data-instgrm-captioned=\"\" data-instgrm-permalink=\"https:\/\/www.instagram.com\/p\/Db8oRGajYyt\/?utm_source=ig_embed&amp;utm_campaign=loading\" data-instgrm-version=\"14\" style=\" background:#FFF; border:0; border-radius:3px; box-shadow:0 0 1px 0 rgba(0,0,0,0.5),0 1px 10px 0 rgba(0,0,0,0.15); margin: 1px; max-width:540px; min-width:326px; padding:0; width:99.375%; width:-webkit-calc(100% - 2px); width:calc(100% - 2px);\"\/>\n<p class=\"wp-block-paragraph\">\u00c9 filho de Fran\u00e7ois Pinault Jr., 29, e da nobre alem\u00e3, a modelo Lara Cosima Henckel von Donnersmarck, 23.<\/p>\n<p class=\"has-luminous-vivid-orange-color has-text-color has-link-color wp-elements-7780ccbb24f437acdc0b9d5fe06a7e25 wp-block-paragraph\"><a href=\"https:\/\/ofuxico.com.br\/noticias\/internacional\/salma-hayek-ganha-presente-inusitado-de-gato\/\" rel=\"nofollow noopener\" target=\"_blank\"><strong>Salma Hayek ganha presente inusitado <\/strong><\/a><br \/><strong><a href=\"https:\/\/ofuxico.com.br\/noticias\/internacional\/salma-hayek-se-diverte-em-show-de-taylor-swift-vivendo-nossos-sonhos-mais-loucos\/\" rel=\"nofollow noopener\" target=\"_blank\">Atriz se diverte em show: \u2018Vivendo nossos sonhos\u2019<\/a>|<\/strong><br \/><a href=\"https:\/\/ofuxico.com.br\/noticias\/internacional\/salma-hayek-parabeniza-angelina-jolie-e-vivienne-pelos-premios-tony\/\" rel=\"nofollow noopener\" target=\"_blank\"><strong>Salma Hayek parabeniza Angelina Jolie e Vivienne pelos pr\u00eamios Tony<\/strong><\/a><\/p>\n<p class=\"wp-block-paragraph\">Mesmo se la\u00e7o biol\u00f3gico com o rec\u00e9m-nascido, Salma construiu uma rela\u00e7\u00e3o maternal s\u00f3lida e afetuosa com os enteados. At\u00e9 porque ela est\u00e1  h\u00e1 mais de duas d\u00e9cadas ao lado do empres\u00e1rio Fran\u00e7ois-Henri Pinault.<\/p>\n<p class=\"wp-block-paragraph\">A atriz j\u00e1 declarou que, apesar de ser m\u00e3e biol\u00f3gica apenas de Valentina Paloma, sempre considerou os tr\u00eas filhos mais velhos do marido como seus.<\/p>\n<p>                <script async src=\"\/\/www.instagram.com\/embed.js\"><\/script><\/p>\n","protected":false},"excerpt":{"rendered":"Aos 59 anos, Salma Hayek vive um momento especial: est\u00e1 assumindo oficialmente o papel de av\u00f3, depois que&hellip;\n","protected":false},"author":2,"featured_media":487741,"comment_status":"","ping_status":"","sticky":false,"template":"","format":"standard","meta":{"footnotes":"","_share_on_mastodon":"0"},"categories":[145],"tags":[211,210,114,115,82,2558,4897,32,33],"class_list":["post-487740","post","type-post","status-publish","format-standard","has-post-thumbnail","category-celebridades","tag-celebridades","tag-celebrities","tag-entertainment","tag-entretenimento","tag-internacional","tag-maternidade","tag-nascimento","tag-portugal","tag-pt"],"share_on_mastodon":{"url":"https:\/\/pubeurope.com\/@pt\/117099450028132307","error":""},"_links":{"self":[{"href":"https:\/\/www.europesays.com\/pt\/wp-json\/wp\/v2\/posts\/487740","targetHints":{"allow":["GET"]}}],"collection":[{"href":"https:\/\/www.europesays.com\/pt\/wp-json\/wp\/v2\/posts"}],"about":[{"href":"https:\/\/www.europesays.com\/pt\/wp-json\/wp\/v2\/types\/post"}],"author":[{"embeddable":true,"href":"https:\/\/www.europesays.com\/pt\/wp-json\/wp\/v2\/users\/2"}],"replies":[{"embeddable":true,"href":"https:\/\/www.europesays.com\/pt\/wp-json\/wp\/v2\/comments?post=487740"}],"version-history":[{"count":0,"href":"https:\/\/www.europesays.com\/pt\/wp-json\/wp\/v2\/posts\/487740\/revisions"}],"wp:featuredmedia":[{"embeddable":true,"href":"https:\/\/www.europesays.com\/pt\/wp-json\/wp\/v2\/media\/487741"}],"wp:attachment":[{"href":"https:\/\/www.europesays.com\/pt\/wp-json\/wp\/v2\/media?parent=487740"}],"wp:term":[{"taxonomy":"category","embeddable":true,"href":"https:\/\/www.europesays.com\/pt\/wp-json\/wp\/v2\/categories?post=487740"},{"taxonomy":"post_tag","embeddable":true,"href":"https:\/\/www.europesays.com\/pt\/wp-json\/wp\/v2\/tags?post=487740"}],"curies":[{"name":"wp","href":"https:\/\/api.w.org\/{rel}","templated":true}]}}