{"id":48777,"date":"2025-08-28T15:15:25","date_gmt":"2025-08-28T15:15:25","guid":{"rendered":"https:\/\/www.europesays.com\/pt\/48777\/"},"modified":"2025-08-28T15:15:25","modified_gmt":"2025-08-28T15:15:25","slug":"meta-criou-equipa-de-superinteligencia-para-ia-mas-agora-enfrenta-as-primeiras-baixas","status":"publish","type":"post","link":"https:\/\/www.europesays.com\/pt\/48777\/","title":{"rendered":"Meta criou equipa de superintelig\u00eancia para IA mas agora enfrenta as primeiras baixas"},"content":{"rendered":"<p>        Esta divis\u00e3o de superintelig\u00eancia da Meta, para a intelig\u00eancia artificial, foi anunciada foi Mark Zuckerberg, em junho. Empresa tecnol\u00f3gica tentou atrair pessoas para este novo projeto atrav\u00e9s de avultadas somas monet\u00e1rias que podiam atingir os 100 milh\u00f5es de d\u00f3lares. Passado cerca de dois meses j\u00e1 sa\u00edram pelo menos oito pessoas, refere o Business Insider.    <\/p>\n<p>A Meta anunciou, em junho, a cria\u00e7\u00e3o de uma equipa que intitulou de superintelig\u00eancia, dedicada \u00e0 \u00e1rea da intelig\u00eancia artificial, para competir com a OpenAI, que det\u00e9m o ChatGPT, a Anthropic (que tem como investidores a Google e a Amazon), e a Google, que possui o Gemini. Mas agora esta nova divis\u00e3o da empresa, liderada por Mark Zuckerberg, e para a qual se tentou atrair funcion\u00e1rios com grandes ofertas monet\u00e1rias, tem de lidar com as primeiras baixas, avan\u00e7ou na quarta-feira o <a href=\"https:\/\/www.businessinsider.com\/meta-superintelligence-team-researchers-exit-ai-push-2025-8\" target=\"_blank\" rel=\"noopener nofollow\">Business Insider<\/a>.<\/p>\n<p>Mark Zuckerberg ter\u00e1 tentado atrair funcion\u00e1rios da OpenAI para esta nova divis\u00e3o de superintelig\u00eancia, da Meta, com ofertas que ter\u00e3o atingido os 100 milh\u00f5es de d\u00f3lares, como chegou a denunciar o CEO da OpenAI, Sam Altman. O New York Times chegou tamb\u00e9m a avan\u00e7ar que Mark Zuckerberg chegou a oferecer 125 milh\u00f5es de d\u00f3lares para atrair talento na \u00e1rea da <a href=\"https:\/\/www.nytimes.com\/2025\/07\/31\/technology\/ai-researchers-nba-stars.html\" target=\"_blank\" rel=\"noopener nofollow\">intelig\u00eancia artificial<\/a>. A mesma publica\u00e7\u00e3o diz ainda que esta \u00e1rea pode mobilizar ofertas de 250 milh\u00f5es de d\u00f3lares.<\/p>\n<p>Mas isso n\u00e3o ter\u00e1 sido suficiente para travar as sa\u00eddas na equipa de superintelig\u00eancia da Meta.\u00a0De acordo com o Business Insider pelo menos oito funcion\u00e1rios est\u00e3o de sa\u00edda desta equipa de superintelig\u00eancia.<\/p>\n<p>Aqui inclui-se membros das \u00e1reas de investiga\u00e7\u00e3o, engenharia e tamb\u00e9m um funcion\u00e1rio s\u00e9nior na divis\u00e3o de produto que sa\u00edram desta divis\u00e3o de superintelig\u00eancia da Meta menos de dois meses depois de Mark Zuckerberg ter anunciado a cria\u00e7\u00e3o do Meta Superintelligence Labs (MSL), salienta o Business Insider.<\/p>\n<p>Um porta-voz da Meta confirmou \u00e0 Business Insider que a maioria dos funcion\u00e1rios que est\u00e3o de sa\u00edda, desta divis\u00e3o, \u201cestavam na empresa h\u00e1 anos\u201d, acrescentando\u00a0que \u201calgum desgaste \u00e9 normal para qualquer organiza\u00e7\u00e3o desta dimens\u00e3o\u201d.<\/p>\n<p>O Business Insider refere que entre as sa\u00eddas da equipa de superintelig\u00eancia da Meta est\u00e3o Bert Maher, que estava h\u00e1 12 anos na Meta, e que foi respons\u00e1vel pelo desenvolvimento de algumas das ferramentas mais importantes na \u00e1rea da intelig\u00eancia artificial da Meta, como o PyTorch, o Triton, que s\u00e3o respetivamente um software de c\u00f3digo aberto para treinar e testar modelos de intelig\u00eancia artificial e uma linguagem de programa\u00e7\u00e3o que permite tornar os modelos de intelig\u00eancia artificial mais eficientes.<\/p>\n<p>Na lista de sa\u00edda inclui-se tamb\u00e9m Tony Liu, que tinha mais de oito anos na Meta, e que ter\u00e1 gerido equipas na \u00e1rea de GPU PyTorch, uma \u00e1rea de relevo para a execu\u00e7\u00e3o de modelos de intelig\u00eancia artificial. A este junta-se Chi-Hao Wu, que trabalhava na \u00e1rea de intelig\u00eancia artificial e machine learning, que sai para se tornar diretor de intelig\u00eancia artificial na Memories.ai. De sa\u00edda est\u00e1 tamb\u00e9m Aram Markosyan um cientista que trabalhava em modelos de intelig\u00eancia artificial e que contribuiu tamb\u00e9m para o desenvolvimento dos \u00f3culos inteligentes da Meta.<\/p>\n<p>O Business Insider salienta tamb\u00e9m que alguns ex-funcion\u00e1rios da \u00e1rea de intelig\u00eancia artificial devem ir para a OpenAI. Aqui inclui-se Chaya Nayak, que era funcion\u00e1ria da Meta h\u00e1 quase nove anos, e que desempenhava fun\u00e7\u00f5es como diretora de gest\u00e3o de produto para a \u00e1rea da intelig\u00eancia artificial generativa. Para a OpenAI vai tamb\u00e9m Afroz Mohiuddin, um engenheiro s\u00e9nior que se tinha juntado \u00e0 Meta no ano passado.<\/p>\n<p>A Wired avan\u00e7ou tamb\u00e9m que os investigadores Avi Verma e Ethan Knight, sa\u00edram da equipa de superintelig\u00eancia da Meta ao fim de menos um m\u00eas para regressarem \u00e0 OpenAI. Rishabh Agarwal foi outra sa\u00edda depois de ter passado cinco meses na Meta. O Business Insider refere que este se deve juntar \u00e0 Periodic Labs, uma nova startup de intelig\u00eancia artificial fundada por antigos investigadores da OpenAI e da DeepMind (projeto da Google).<\/p>\n","protected":false},"excerpt":{"rendered":"Esta divis\u00e3o de superintelig\u00eancia da Meta, para a intelig\u00eancia artificial, foi anunciada foi Mark Zuckerberg, em junho. Empresa&hellip;\n","protected":false},"author":2,"featured_media":48778,"comment_status":"","ping_status":"","sticky":false,"template":"","format":"standard","meta":{"footnotes":""},"categories":[83],"tags":[6263,88,89,90,414,933,9824,111,32,33],"class_list":{"0":"post-48777","1":"post","2":"type-post","3":"status-publish","4":"format-standard","5":"has-post-thumbnail","7":"category-empresas","8":"tag-ai","9":"tag-business","10":"tag-economy","11":"tag-empresas","12":"tag-ia","13":"tag-inteligencia-artificial","14":"tag-mark-zuckerberg","15":"tag-meta","16":"tag-portugal","17":"tag-pt"},"share_on_mastodon":{"url":"","error":""},"_links":{"self":[{"href":"https:\/\/www.europesays.com\/pt\/wp-json\/wp\/v2\/posts\/48777","targetHints":{"allow":["GET"]}}],"collection":[{"href":"https:\/\/www.europesays.com\/pt\/wp-json\/wp\/v2\/posts"}],"about":[{"href":"https:\/\/www.europesays.com\/pt\/wp-json\/wp\/v2\/types\/post"}],"author":[{"embeddable":true,"href":"https:\/\/www.europesays.com\/pt\/wp-json\/wp\/v2\/users\/2"}],"replies":[{"embeddable":true,"href":"https:\/\/www.europesays.com\/pt\/wp-json\/wp\/v2\/comments?post=48777"}],"version-history":[{"count":0,"href":"https:\/\/www.europesays.com\/pt\/wp-json\/wp\/v2\/posts\/48777\/revisions"}],"wp:featuredmedia":[{"embeddable":true,"href":"https:\/\/www.europesays.com\/pt\/wp-json\/wp\/v2\/media\/48778"}],"wp:attachment":[{"href":"https:\/\/www.europesays.com\/pt\/wp-json\/wp\/v2\/media?parent=48777"}],"wp:term":[{"taxonomy":"category","embeddable":true,"href":"https:\/\/www.europesays.com\/pt\/wp-json\/wp\/v2\/categories?post=48777"},{"taxonomy":"post_tag","embeddable":true,"href":"https:\/\/www.europesays.com\/pt\/wp-json\/wp\/v2\/tags?post=48777"}],"curies":[{"name":"wp","href":"https:\/\/api.w.org\/{rel}","templated":true}]}}