{"id":487872,"date":"2026-08-15T14:23:32","date_gmt":"2026-08-15T14:23:32","guid":{"rendered":"https:\/\/www.europesays.com\/pt\/487872\/"},"modified":"2026-08-15T14:23:32","modified_gmt":"2026-08-15T14:23:32","slug":"sugado-no-aviao-da-ryanair-relatorio-aponta-destrocos-do-motor-na-origem-de-janela-partida","status":"publish","type":"post","link":"https:\/\/www.europesays.com\/pt\/487872\/","title":{"rendered":"Sugado no avi\u00e3o da Ryanair. Relat\u00f3rio aponta destro\u00e7os do motor na origem de janela partida"},"content":{"rendered":"\n<p>&#13;<br \/>\nJ\u00e1 \u00e9 conhecido o motivo que levou um homem de nacionalidade s\u00e9rvia a ser parcialmente sugado em pleno voo da Ryanair quando se preparava para fazer a viagem da Gr\u00e9cia, Sal\u00f3nica, para a Alemanha, Memmingen, perto de Munique.&#13;\n<\/p>\n<p>&#13;<br \/>\nO relat\u00f3rio do Conselho Nacional de Seguran\u00e7a nos Transportes (NTSB, na sigla em ingl\u00eas) concluiu que <b>foram os fragmentos do motor que atingiram a janela da cabine do avi\u00e3o<\/b> onde o empres\u00e1rio de 61 anos estava sentado, a 10 de julho do corrente ano.\u00a0&#13;\n<\/p>\n<p>&#13;<br \/>\nA cabe\u00e7a e o ombro direito de\u00a0Ljubisa Karovi\u0107 foram sugados para fora do avi\u00e3o mas valeu a r\u00e1pida interven\u00e7\u00e3o da mulher e de alguns passageiros que evitaram consequ\u00eancias mais graves.&#13;\n<\/p>\n<p>&#13;<br \/>\nPoucos dias depois, em declara\u00e7\u00f5es ao jornal brit\u00e2nico The Guardian, o homem explicou que por <b>&#8220;sorte&#8221;<\/b> conseguiu sobreviver ao incidente do voo FR1879, e que soube pela mulher que <b>desmaiou v\u00e1rias vezes<\/b>, inclusive depois de ter sido puxado para o interior da cabine.<br \/>&#13;\n<\/p>\n<p>&#13;<br \/>\nOs peritos norte-americanos afirmaram ainda que o voo <b>&#8220;sofreu uma falha na p\u00e1 da turbina do motor n\u00ba 2 (lado direito) durante a descolagem do Aeroporto Internacional de Sal\u00f3nica&#8221;.\u00a0&#13;<br \/>\n<\/b>&#13;\n<\/p>\n<p>&#13;<br \/>\nOs investigadores tamb\u00e9m constataram que a cabine estava despressurizada e os dois pilotos decidiram regressar ao aeroporto de Sal\u00f3nica, onde <b>&#8220;realizaram uma aterragem sem incidentes&#8221;<\/b>.&#13;\n<\/p>\n<p>&#13;<br \/>\nEntretanto, a Ryanair fez saber que at\u00e9 o relat\u00f3rio final ser publicado, n\u00e3o ir\u00e1 comentar os resultados preliminares.&#13;\n<\/p>\n<p>&#13;<br \/>\nA companhia irlandesa tamb\u00e9m escusou-se a adiantar se Karovi\u0107 e a mulher v\u00e3o ser compensados financeiramente.  &#13;<\/p>\n","protected":false},"excerpt":{"rendered":"&#13; J\u00e1 \u00e9 conhecido o motivo que levou um homem de nacionalidade s\u00e9rvia a ser parcialmente sugado em&hellip;\n","protected":false},"author":2,"featured_media":487873,"comment_status":"","ping_status":"","sticky":false,"template":"","format":"standard","meta":{"footnotes":"","_share_on_mastodon":"0"},"categories":[83],"tags":[88,89,90,3852,32,33,6722],"class_list":["post-487872","post","type-post","status-publish","format-standard","has-post-thumbnail","category-empresas","tag-business","tag-economy","tag-empresas","tag-incidente","tag-portugal","tag-pt","tag-ryanair"],"share_on_mastodon":{"url":"https:\/\/pubeurope.com\/@pt\/117099980602275043","error":""},"_links":{"self":[{"href":"https:\/\/www.europesays.com\/pt\/wp-json\/wp\/v2\/posts\/487872","targetHints":{"allow":["GET"]}}],"collection":[{"href":"https:\/\/www.europesays.com\/pt\/wp-json\/wp\/v2\/posts"}],"about":[{"href":"https:\/\/www.europesays.com\/pt\/wp-json\/wp\/v2\/types\/post"}],"author":[{"embeddable":true,"href":"https:\/\/www.europesays.com\/pt\/wp-json\/wp\/v2\/users\/2"}],"replies":[{"embeddable":true,"href":"https:\/\/www.europesays.com\/pt\/wp-json\/wp\/v2\/comments?post=487872"}],"version-history":[{"count":0,"href":"https:\/\/www.europesays.com\/pt\/wp-json\/wp\/v2\/posts\/487872\/revisions"}],"wp:featuredmedia":[{"embeddable":true,"href":"https:\/\/www.europesays.com\/pt\/wp-json\/wp\/v2\/media\/487873"}],"wp:attachment":[{"href":"https:\/\/www.europesays.com\/pt\/wp-json\/wp\/v2\/media?parent=487872"}],"wp:term":[{"taxonomy":"category","embeddable":true,"href":"https:\/\/www.europesays.com\/pt\/wp-json\/wp\/v2\/categories?post=487872"},{"taxonomy":"post_tag","embeddable":true,"href":"https:\/\/www.europesays.com\/pt\/wp-json\/wp\/v2\/tags?post=487872"}],"curies":[{"name":"wp","href":"https:\/\/api.w.org\/{rel}","templated":true}]}}