{"id":487884,"date":"2026-08-15T14:35:20","date_gmt":"2026-08-15T14:35:20","guid":{"rendered":"https:\/\/www.europesays.com\/pt\/487884\/"},"modified":"2026-08-15T14:35:20","modified_gmt":"2026-08-15T14:35:20","slug":"cafe-pode-ajudar-o-organismo-a-lidar-com-o-estresse-e-o-envelhecimento-aponta-estudo","status":"publish","type":"post","link":"https:\/\/www.europesays.com\/pt\/487884\/","title":{"rendered":"Caf\u00e9 pode ajudar o organismo a lidar com o estresse e o envelhecimento, aponta estudo"},"content":{"rendered":"<p class=\"wp-block-paragraph\">O caf\u00e9 \u00e9 uma das bebidas mais consumidas no mundo e, h\u00e1 anos, aparece em pesquisas associado a uma vida mais longa e a um menor risco de algumas doen\u00e7as relacionadas ao envelhecimento. Agora, um estudo realizado por pesquisadores da Texas A&amp;M University identificou um poss\u00edvel mecanismo biol\u00f3gico que ajuda a explicar essa rela\u00e7\u00e3o. Segundo a pesquisa, compostos presentes no caf\u00e9 podem interagir diretamente com uma prote\u00edna envolvida na resposta do organismo ao estresse, \u00e0 inflama\u00e7\u00e3o e aos danos celulares.<\/p>\n<p class=\"wp-block-paragraph\"><a href=\"https:\/\/www.mdpi.com\/2072-6643\/18\/6\/877\" data-type=\"link\" data-id=\"https:\/\/www.mdpi.com\/2072-6643\/18\/6\/877\" rel=\"nofollow noopener\" target=\"_blank\">Publicado em 2026 na revista cient\u00edfica Nutrients<\/a>, o estudo investigou o receptor NR4A1, uma prote\u00edna que participa do controle da atividade dos genes. Esse receptor \u00e9 ativado rapidamente quando as c\u00e9lulas enfrentam situa\u00e7\u00f5es de estresse ou danos e ajuda o organismo a responder a essas altera\u00e7\u00f5es e se recuperar.<\/p>\n<p class=\"wp-block-paragraph\">Nos experimentos, os pesquisadores analisaram extratos de diferentes tipos de caf\u00e9 e diversos componentes qu\u00edmicos presentes na bebida. Os resultados mostraram que o caf\u00e9 preparado e alguns de seus principais compostos polifen\u00f3licos conseguem se ligar ao receptor NR4A1. Quando os cientistas reduziram a presen\u00e7a dessa prote\u00edna nas c\u00e9lulas, os efeitos observados com os compostos do caf\u00e9 tamb\u00e9m diminu\u00edram.<\/p>\n<p class=\"wp-block-paragraph\">A descoberta sugere que o NR4A1 pode participar diretamente da maneira como algumas subst\u00e2ncias presentes no caf\u00e9 atuam no organismo. Esse mecanismo pode ajudar a explicar parte dos efeitos que j\u00e1 v\u00eam sendo investigados em estudos anteriores sobre o consumo da bebida e o envelhecimento saud\u00e1vel.<\/p>\n<p class=\"wp-block-paragraph\">Um dos pontos que chamam aten\u00e7\u00e3o \u00e9 que os poss\u00edveis efeitos n\u00e3o parecem depender exclusivamente da cafe\u00edna. Os pesquisadores encontraram atividade de diferentes compostos presentes no caf\u00e9, incluindo polifen\u00f3is, subst\u00e2ncias conhecidas por suas propriedades antioxidantes. Isso tamb\u00e9m pode explicar por que os resultados foram observados em diferentes variedades e formas de preparo, inclusive no caf\u00e9 descafeinado.<\/p>\n<p class=\"wp-block-paragraph\">O NR4A1 est\u00e1 relacionado a processos importantes para o funcionamento das c\u00e9lulas, como metabolismo, resposta inflamat\u00f3ria e adapta\u00e7\u00e3o ao estresse. Por isso, os pesquisadores levantam a possibilidade de que o receptor funcione como uma esp\u00e9cie de sensor capaz de identificar determinadas subst\u00e2ncias presentes nos alimentos e bebidas e desencadear respostas que ajudam a proteger as c\u00e9lulas.<\/p>\n<p class=\"wp-block-paragraph\">Apesar dos resultados promissores, ainda n\u00e3o \u00e9 poss\u00edvel afirmar que o caf\u00e9 fa\u00e7a o organismo envelhecer mais lentamente ou previna doen\u00e7as relacionadas \u00e0 idade. A pesquisa foi realizada em modelos celulares e de laborat\u00f3rio, e n\u00e3o em pessoas acompanhadas durante o consumo habitual da bebida. Dessa forma, o estudo identifica um poss\u00edvel mecanismo biol\u00f3gico, mas n\u00e3o comprova um efeito cl\u00ednico em seres humanos.<\/p>\n<p class=\"wp-block-paragraph\">A descoberta tamb\u00e9m n\u00e3o significa que seja necess\u00e1rio aumentar o consumo de caf\u00e9. As evid\u00eancias dispon\u00edveis ainda n\u00e3o justificam o uso da bebida como estrat\u00e9gia espec\u00edfica contra o envelhecimento. Para quem j\u00e1 consome caf\u00e9, por\u00e9m, os resultados acrescentam uma nova possibilidade \u00e0 compreens\u00e3o dos efeitos da bebida sobre o organismo.<\/p>\n<p class=\"wp-block-paragraph\">Mais do que a cafe\u00edna respons\u00e1vel por aumentar o estado de alerta, o caf\u00e9 re\u00fane uma combina\u00e7\u00e3o complexa de compostos que pode atuar de diferentes maneiras nas c\u00e9lulas. Novas pesquisas em humanos ser\u00e3o necess\u00e1rias para descobrir se a intera\u00e7\u00e3o com o NR4A1 realmente se traduz em prote\u00e7\u00e3o contra o envelhecimento e doen\u00e7as relacionadas \u00e0 idade.<\/p>\n","protected":false},"excerpt":{"rendered":"O caf\u00e9 \u00e9 uma das bebidas mais consumidas no mundo e, h\u00e1 anos, aparece em pesquisas associado a&hellip;\n","protected":false},"author":2,"featured_media":487885,"comment_status":"","ping_status":"","sticky":false,"template":"","format":"standard","meta":{"footnotes":"","_share_on_mastodon":"0"},"categories":[86],"tags":[2373,4325,116,32,33,117],"class_list":["post-487884","post","type-post","status-publish","format-standard","has-post-thumbnail","category-saude","tag-cafe","tag-estresse","tag-health","tag-portugal","tag-pt","tag-saude"],"share_on_mastodon":{"url":"https:\/\/pubeurope.com\/@pt\/117100027827048472","error":""},"_links":{"self":[{"href":"https:\/\/www.europesays.com\/pt\/wp-json\/wp\/v2\/posts\/487884","targetHints":{"allow":["GET"]}}],"collection":[{"href":"https:\/\/www.europesays.com\/pt\/wp-json\/wp\/v2\/posts"}],"about":[{"href":"https:\/\/www.europesays.com\/pt\/wp-json\/wp\/v2\/types\/post"}],"author":[{"embeddable":true,"href":"https:\/\/www.europesays.com\/pt\/wp-json\/wp\/v2\/users\/2"}],"replies":[{"embeddable":true,"href":"https:\/\/www.europesays.com\/pt\/wp-json\/wp\/v2\/comments?post=487884"}],"version-history":[{"count":0,"href":"https:\/\/www.europesays.com\/pt\/wp-json\/wp\/v2\/posts\/487884\/revisions"}],"wp:featuredmedia":[{"embeddable":true,"href":"https:\/\/www.europesays.com\/pt\/wp-json\/wp\/v2\/media\/487885"}],"wp:attachment":[{"href":"https:\/\/www.europesays.com\/pt\/wp-json\/wp\/v2\/media?parent=487884"}],"wp:term":[{"taxonomy":"category","embeddable":true,"href":"https:\/\/www.europesays.com\/pt\/wp-json\/wp\/v2\/categories?post=487884"},{"taxonomy":"post_tag","embeddable":true,"href":"https:\/\/www.europesays.com\/pt\/wp-json\/wp\/v2\/tags?post=487884"}],"curies":[{"name":"wp","href":"https:\/\/api.w.org\/{rel}","templated":true}]}}