{"id":487988,"date":"2026-08-15T16:29:11","date_gmt":"2026-08-15T16:29:11","guid":{"rendered":"https:\/\/www.europesays.com\/pt\/487988\/"},"modified":"2026-08-15T16:29:11","modified_gmt":"2026-08-15T16:29:11","slug":"uniao-europeia-vai-limitar-pagamentos-em-numerario-a-10-mil-euros-a-partir-de-2027","status":"publish","type":"post","link":"https:\/\/www.europesays.com\/pt\/487988\/","title":{"rendered":"Uni\u00e3o Europeia vai limitar pagamentos em numer\u00e1rio a 10 mil euros a partir de 2027"},"content":{"rendered":"<p>        A limita\u00e7\u00e3o europeia vai aplicar-se essencialmente a transa\u00e7\u00f5es comerciais, ficando exclu\u00eddos os pagamentos entre particulares sem car\u00e1ter profissional, bem como opera\u00e7\u00f5es efetuadas atrav\u00e9s de institui\u00e7\u00f5es de cr\u00e9dito, emitentes de moeda eletr\u00f3nica ou prestadores de servi\u00e7os de pagamento.    <\/p>\n<p>A Uni\u00e3o Europeia (UE) vai fixar um limite m\u00e1ximo de 10 mil euros para pagamentos em dinheiro vivo a partir de 10 de julho de 2027, segundo o jornal espanhol \u201cEl Economista\u201d.<\/p>\n<p>De acordo com o Regulamento (UE) 2024\/1624 citado pela publica\u00e7\u00e3o, a nova disposi\u00e7\u00e3o determina que nenhum Estado-membro da UE poder\u00e1 permitir transa\u00e7\u00f5es comerciais em met\u00e1lico superiores a 10 mil euros. No entanto, o normativo comunit\u00e1rio autoriza os pa\u00edses a manterem ou aplicarem restri\u00e7\u00f5es mais estritas a n\u00edvel nacional.<\/p>\n<p>Em Espanha, por exemplo, a legisla\u00e7\u00e3o em vigor (Lei 11\/2021 de combate \u00e0 fraude fiscal) j\u00e1 limita as transa\u00e7\u00f5es comerciais em numer\u00e1rio a 1.000 euros, pelo que o novo teto europeu n\u00e3o implicar\u00e1 altera\u00e7\u00f5es \u00e0s regras vigentes no pa\u00eds vizinho, escreve o \u201cEl Economista\u201d.<\/p>\n<p>Como o teto m\u00e1ximo geral portugu\u00eas (tr\u00eas mil euros) \u00e9 mais restritivo do que o futuro limite europeu de 10 mil euros estipulado para 2027, as regras nacionais em Portugal manter-se-\u00e3o inalteradas.<\/p>\n<p>A limita\u00e7\u00e3o europeia vai aplicar-se essencialmente a transa\u00e7\u00f5es comerciais, ficando exclu\u00eddos os pagamentos entre particulares sem car\u00e1ter profissional, bem como opera\u00e7\u00f5es efetuadas atrav\u00e9s de institui\u00e7\u00f5es de cr\u00e9dito, emitentes de moeda eletr\u00f3nica ou prestadores de servi\u00e7os de pagamento.<\/p>\n<p>O mesmo pacote normativo prev\u00ea ainda a cria\u00e7\u00e3o de um registo centralizado de titulares de cofres privados, contas banc\u00e1rias e criptomoedas, visando facilitar as investiga\u00e7\u00f5es das autoridades competentes na preven\u00e7\u00e3o e combate ao branqueamento de capitais.<\/p>\n<p>Relativamente ao futuro euro digital, as institui\u00e7\u00f5es europeias reiteram que a nova moeda digital n\u00e3o substituir\u00e1 o dinheiro em numer\u00e1rio, mas sim coexistir\u00e1 com ele para proporcionar pagamentos mais r\u00e1pidos e eficientes.<\/p>\n","protected":false},"excerpt":{"rendered":"A limita\u00e7\u00e3o europeia vai aplicar-se essencialmente a transa\u00e7\u00f5es comerciais, ficando exclu\u00eddos os pagamentos entre particulares sem car\u00e1ter profissional,&hellip;\n","protected":false},"author":2,"featured_media":487989,"comment_status":"","ping_status":"","sticky":false,"template":"","format":"standard","meta":{"footnotes":"","_share_on_mastodon":"0"},"categories":[10],"tags":[27,28,15,16,14,25,26,21,22,12,13,19,20,77963,32,23,24,33,77964,17,18,1977,29,30,31,636],"class_list":["post-487988","post","type-post","status-publish","format-standard","has-post-thumbnail","category-portugal","tag-breaking-news","tag-breakingnews","tag-featured-news","tag-featurednews","tag-headlines","tag-latest-news","tag-latestnews","tag-main-news","tag-mainnews","tag-news","tag-noticias","tag-noticias-principais","tag-noticiasprincipais","tag-pagamento-em-numerario","tag-portugal","tag-principais-noticias","tag-principaisnoticias","tag-pt","tag-regulamento-ue-2024-1624","tag-top-stories","tag-topstories","tag-ue","tag-ultimas","tag-ultimas-noticias","tag-ultimasnoticias","tag-uniao-europeia"],"share_on_mastodon":{"url":"https:\/\/pubeurope.com\/@pt\/117100476442891169","error":""},"_links":{"self":[{"href":"https:\/\/www.europesays.com\/pt\/wp-json\/wp\/v2\/posts\/487988","targetHints":{"allow":["GET"]}}],"collection":[{"href":"https:\/\/www.europesays.com\/pt\/wp-json\/wp\/v2\/posts"}],"about":[{"href":"https:\/\/www.europesays.com\/pt\/wp-json\/wp\/v2\/types\/post"}],"author":[{"embeddable":true,"href":"https:\/\/www.europesays.com\/pt\/wp-json\/wp\/v2\/users\/2"}],"replies":[{"embeddable":true,"href":"https:\/\/www.europesays.com\/pt\/wp-json\/wp\/v2\/comments?post=487988"}],"version-history":[{"count":0,"href":"https:\/\/www.europesays.com\/pt\/wp-json\/wp\/v2\/posts\/487988\/revisions"}],"wp:featuredmedia":[{"embeddable":true,"href":"https:\/\/www.europesays.com\/pt\/wp-json\/wp\/v2\/media\/487989"}],"wp:attachment":[{"href":"https:\/\/www.europesays.com\/pt\/wp-json\/wp\/v2\/media?parent=487988"}],"wp:term":[{"taxonomy":"category","embeddable":true,"href":"https:\/\/www.europesays.com\/pt\/wp-json\/wp\/v2\/categories?post=487988"},{"taxonomy":"post_tag","embeddable":true,"href":"https:\/\/www.europesays.com\/pt\/wp-json\/wp\/v2\/tags?post=487988"}],"curies":[{"name":"wp","href":"https:\/\/api.w.org\/{rel}","templated":true}]}}