{"id":488050,"date":"2026-08-15T17:52:13","date_gmt":"2026-08-15T17:52:13","guid":{"rendered":"https:\/\/www.europesays.com\/pt\/488050\/"},"modified":"2026-08-15T17:52:13","modified_gmt":"2026-08-15T17:52:13","slug":"novabrasil-fm-contrata-david-jill-para-coordenacao-tecnica-em-sao-paulo","status":"publish","type":"post","link":"https:\/\/www.europesays.com\/pt\/488050\/","title":{"rendered":"Novabrasil FM contrata David Jill para coordena\u00e7\u00e3o t\u00e9cnica em S\u00e3o Paulo"},"content":{"rendered":"<p>S\u00e3o Paulo &#8211;\u00a0Profissional assume a \u00e1rea t\u00e9cnica da emissora, com atua\u00e7\u00e3o em est\u00fadios, transmiss\u00f5es ao vivo, suporte \u00e0s afiliadas e novas tecnologias<\/p>\n<p>A <strong>Novabrasil FM 89.7 de S\u00e3o Paulo<\/strong> anunciou a contrata\u00e7\u00e3o do radialista <strong>David Jill, conhecido como Detone<\/strong>, para integrar a equipe da emissora. O profissional assume a fun\u00e7\u00e3o de <strong>coordenador t\u00e9cnico<\/strong>, ficando respons\u00e1vel pela estrutura t\u00e9cnica da r\u00e1dio, incluindo os est\u00fadios e as transmiss\u00f5es ao vivo realizadas pela esta\u00e7\u00e3o.<\/p>\n<p>Na nova fun\u00e7\u00e3o, Detone tamb\u00e9m ser\u00e1 respons\u00e1vel pela <strong>coordena\u00e7\u00e3o da equipe t\u00e9cnica e pelo suporte \u00e0s afiliadas da Novabrasil FM<\/strong>. Entre os desafios apontados pelo profissional est\u00e1 a prepara\u00e7\u00e3o da emissora para acompanhar a evolu\u00e7\u00e3o das tecnologias e das diferentes plataformas utilizadas pela opera\u00e7\u00e3o de r\u00e1dio.<\/p>\n<p>A atua\u00e7\u00e3o de David Jill na Novabrasil FM ser\u00e1 concentrada na \u00e1rea t\u00e9cnica, com foco na estrutura de broadcast da emissora. O trabalho envolve tanto a opera\u00e7\u00e3o dos est\u00fadios quanto o suporte \u00e0s transmiss\u00f5es ao vivo e a <strong>adequa\u00e7\u00e3o da estrutura da r\u00e1dio \u00e0s novas tecnologias<\/strong>.<\/p>\n<p>Antes de chegar \u00e0 Novabrasil FM, Detone teve\u00a0passagem pela extinta\u00a0<strong>Transam\u00e9rica FM 100.1 de S\u00e3o Paulo<\/strong>, onde atuou como <strong>head de digital<\/strong>. Posteriormente, durante o processo de transi\u00e7\u00e3o da Transam\u00e9rica para a <strong>TMC FM 100.1 de S\u00e3o Paulo<\/strong>, o profissional passou a exercer fun\u00e7\u00f5es relacionadas \u00e0 \u00e1rea de <strong>broadcast digital<\/strong>.<\/p>\n<p style=\"text-align: center;\"><img decoding=\"async\" alt=\"\" src=\"https:\/\/www.europesays.com\/pt\/wp-content\/uploads\/2026\/08\/6a805fb299d7c.jpg\" style=\"height:569px; width:600px\" \/><br \/>&#13;<br \/>\nFoto: Redes Sociais<\/p>\n<p>\n\t\t\t\tA reprodu\u00e7\u00e3o das not\u00edcias e das pautas \u00e9 autorizada desde que contenha a assinatura &#8216;tudoradio.com&#8217;<\/p>\n<p>&#13;<br \/>\n\t\t\t\tTags:&#13;<br \/>\n\t\t\t\tNovabrasil FM, David Jill, Detone, r\u00e1dio, S\u00e3o Paulo, broadcast, Transam\u00e9rica&#13;\n\t\t\t<\/p>\n","protected":false},"excerpt":{"rendered":"S\u00e3o Paulo &#8211;\u00a0Profissional assume a \u00e1rea t\u00e9cnica da emissora, com atua\u00e7\u00e3o em est\u00fadios, transmiss\u00f5es ao vivo, suporte \u00e0s&hellip;\n","protected":false},"author":2,"featured_media":488051,"comment_status":"","ping_status":"","sticky":false,"template":"","format":"standard","meta":{"footnotes":"","_share_on_mastodon":"0"},"categories":[141],"tags":[35283,77984,77985,114,115,149,150,44203,32,33,766,654,26557],"class_list":["post-488050","post","type-post","status-publish","format-standard","has-post-thumbnail","category-musica","tag-broadcast","tag-david-jill","tag-detone","tag-entertainment","tag-entretenimento","tag-music","tag-musica","tag-novabrasil-fm","tag-portugal","tag-pt","tag-radio","tag-sao-paulo","tag-transamerica"],"share_on_mastodon":{"url":"https:\/\/pubeurope.com\/@pt\/117100803187334765","error":""},"_links":{"self":[{"href":"https:\/\/www.europesays.com\/pt\/wp-json\/wp\/v2\/posts\/488050","targetHints":{"allow":["GET"]}}],"collection":[{"href":"https:\/\/www.europesays.com\/pt\/wp-json\/wp\/v2\/posts"}],"about":[{"href":"https:\/\/www.europesays.com\/pt\/wp-json\/wp\/v2\/types\/post"}],"author":[{"embeddable":true,"href":"https:\/\/www.europesays.com\/pt\/wp-json\/wp\/v2\/users\/2"}],"replies":[{"embeddable":true,"href":"https:\/\/www.europesays.com\/pt\/wp-json\/wp\/v2\/comments?post=488050"}],"version-history":[{"count":0,"href":"https:\/\/www.europesays.com\/pt\/wp-json\/wp\/v2\/posts\/488050\/revisions"}],"wp:featuredmedia":[{"embeddable":true,"href":"https:\/\/www.europesays.com\/pt\/wp-json\/wp\/v2\/media\/488051"}],"wp:attachment":[{"href":"https:\/\/www.europesays.com\/pt\/wp-json\/wp\/v2\/media?parent=488050"}],"wp:term":[{"taxonomy":"category","embeddable":true,"href":"https:\/\/www.europesays.com\/pt\/wp-json\/wp\/v2\/categories?post=488050"},{"taxonomy":"post_tag","embeddable":true,"href":"https:\/\/www.europesays.com\/pt\/wp-json\/wp\/v2\/tags?post=488050"}],"curies":[{"name":"wp","href":"https:\/\/api.w.org\/{rel}","templated":true}]}}