{"id":488258,"date":"2026-08-15T21:09:17","date_gmt":"2026-08-15T21:09:17","guid":{"rendered":"https:\/\/www.europesays.com\/pt\/488258\/"},"modified":"2026-08-15T21:09:17","modified_gmt":"2026-08-15T21:09:17","slug":"rute-cardoso-viuva-de-diogo-jota-celebra-o-30-o-aniversario-e-detalhe-muito-original-junto-do-bolo-chama-a-atencao","status":"publish","type":"post","link":"https:\/\/www.europesays.com\/pt\/488258\/","title":{"rendered":"Rute Cardoso, vi\u00fava de Diogo Jota, celebra o 30.\u00ba anivers\u00e1rio&#8230; e detalhe muito original junto do bolo chama a aten\u00e7\u00e3o!"},"content":{"rendered":"<p>A passada sexta-feira, dia 14, foi de festa para <a href=\"https:\/\/selfie.iol.pt\/famosos\/diogo-jota\/viuva-de-diogo-jota-protagoniza-inusitado-momento-veja-o-video\/20260810\/6a79910ed34e511da0b327fc\" target=\"_blank\" rel=\"nofollow noopener\">Rute Cardoso<\/a>, que completou 30 anos de vida.<\/p>\n<p>No Instagram, a vi\u00fava de <a href=\"https:\/\/selfie.iol.pt\/famosos\/diogo-jota\/veja-como-cresceu-filha-de-diogo-jota-encanta-em-divertido-momento-partilhado-por-rute-cardoso\/20260724\/6a63b76c0cf2b42132dbbbd6\" target=\"_blank\" rel=\"nofollow noopener\">Diogo Jota<\/a> assinalou a data marcante. &#8220;Que sejam leves, 30&#8221;, escreveu na legenda de uma fotografia, na qual se v\u00ea um bolo de anivers\u00e1rio e, ao lado do doce, est\u00e3o dois cal\u00e7ados diferentes usados pela mesma pessoa: um t\u00e9nis e um salto alto.<\/p>\n<p>Veja, agora, algumas das melhores imagens de Rute Cardoso nas galerias de fotografias que prepar\u00e1mos para si.<\/p>\n<blockquote class=\"instagram-media\" data-instgrm-captioned=\"\" data-instgrm-permalink=\"https:\/\/www.instagram.com\/p\/DcCJ8mjCqTN\/?utm_source=ig_embed&amp;utm_campaign=loading\" data-instgrm-version=\"14\" style=\" background:#FFF; border:0; border-radius:3px; box-shadow:0 0 1px 0 rgba(0,0,0,0.5),0 1px 10px 0 rgba(0,0,0,0.15); margin: 1px; max-width:540px; min-width:326px; padding:0; width:99.375%; width:-webkit-calc(100% - 2px); width:calc(100% - 2px);\">\n<\/blockquote>\n<p>                        <script async src=\"\/\/www.instagram.com\/embed.js\"><\/script><\/p>\n","protected":false},"excerpt":{"rendered":"A passada sexta-feira, dia 14, foi de festa para Rute Cardoso, que completou 30 anos de vida. No&hellip;\n","protected":false},"author":2,"featured_media":488259,"comment_status":"","ping_status":"","sticky":false,"template":"","format":"standard","meta":{"footnotes":"","_share_on_mastodon":"0"},"categories":[85],"tags":[996,10584,1691,114,115,980,1015,619,32,33,10175,1012],"class_list":["post-488258","post","type-post","status-publish","format-standard","has-post-thumbnail","category-entretenimento","tag-aniversario","tag-bolo","tag-diogo-jota","tag-entertainment","tag-entretenimento","tag-famosos","tag-instagram","tag-nacional","tag-portugal","tag-pt","tag-rute-cardoso","tag-selfie"],"share_on_mastodon":{"url":"https:\/\/pubeurope.com\/@pt\/117101577329703862","error":""},"_links":{"self":[{"href":"https:\/\/www.europesays.com\/pt\/wp-json\/wp\/v2\/posts\/488258","targetHints":{"allow":["GET"]}}],"collection":[{"href":"https:\/\/www.europesays.com\/pt\/wp-json\/wp\/v2\/posts"}],"about":[{"href":"https:\/\/www.europesays.com\/pt\/wp-json\/wp\/v2\/types\/post"}],"author":[{"embeddable":true,"href":"https:\/\/www.europesays.com\/pt\/wp-json\/wp\/v2\/users\/2"}],"replies":[{"embeddable":true,"href":"https:\/\/www.europesays.com\/pt\/wp-json\/wp\/v2\/comments?post=488258"}],"version-history":[{"count":0,"href":"https:\/\/www.europesays.com\/pt\/wp-json\/wp\/v2\/posts\/488258\/revisions"}],"wp:featuredmedia":[{"embeddable":true,"href":"https:\/\/www.europesays.com\/pt\/wp-json\/wp\/v2\/media\/488259"}],"wp:attachment":[{"href":"https:\/\/www.europesays.com\/pt\/wp-json\/wp\/v2\/media?parent=488258"}],"wp:term":[{"taxonomy":"category","embeddable":true,"href":"https:\/\/www.europesays.com\/pt\/wp-json\/wp\/v2\/categories?post=488258"},{"taxonomy":"post_tag","embeddable":true,"href":"https:\/\/www.europesays.com\/pt\/wp-json\/wp\/v2\/tags?post=488258"}],"curies":[{"name":"wp","href":"https:\/\/api.w.org\/{rel}","templated":true}]}}