{"id":488354,"date":"2026-08-15T22:53:20","date_gmt":"2026-08-15T22:53:20","guid":{"rendered":"https:\/\/www.europesays.com\/pt\/488354\/"},"modified":"2026-08-15T22:53:20","modified_gmt":"2026-08-15T22:53:20","slug":"pedro-pichardo-conquista-medalha-de-prata-no-triplo-salto-dos-europeus-desporto","status":"publish","type":"post","link":"https:\/\/www.europesays.com\/pt\/488354\/","title":{"rendered":"Pedro Pichardo conquista medalha de prata no triplo salto dos Europeus &#8211; Desporto"},"content":{"rendered":"<p>&#13;<br \/>\n                                &#13;<\/p>\n<p class=\"\">&#13;<br \/>\n        Pedro Pichardo conquistou esta noite a medalha de prata no triplo saltos dos Europeus, com 17.76 metros feitos logo no primeiro ensaio.&#13;\n    <\/p>\n<p>&#13;<br \/>\n&#13;<br \/>\n&#13;<br \/>\n                                &#13;<\/p>\n<p class=\"\">&#13;<br \/>\n        S\u00f3 que o italiano Andy Diaz, tamb\u00e9m ele nascido em Cuba, saltou qualquer coisa como 18.15 metros&#8230; o recorde mundial \u00e9 de 19.19.&#13;\n    <\/p>\n<p>&#13;<br \/>\n&#13;<br \/>\n&#13;<br \/>\n                        &#13;<br \/>\n                        &#13;<br \/>\n                                &#13;<\/p>\n<p class=\"\">&#13;<br \/>\n        O p\u00f3dio fechou com outro transalpino, Andrea Dallavalle, com 17.37 metros.&#13;\n    <\/p>\n<p>&#13;<br \/>\n&#13;<br \/>\n&#13;<br \/>\n                                &#13;<\/p>\n<p class=\"\">&#13;<br \/>\n        Esta \u00e9 a segunda medalha para Portugal em Birmingham, depois do bronze de Fatoumata Diallo nos 400 metros barreiras.&#13;\n    <\/p>\n<p>&#13;<br \/>\n&#13;<br \/>\n&#13;<br \/>\n                                            &#13;<br \/>\n&#13;<br \/>\n&#13;<br \/>\n                &#13;<br \/>\n&#13;<br \/>\n&#13;<\/p>\n","protected":false},"excerpt":{"rendered":"&#13; &#13; &#13; Pedro Pichardo conquistou esta noite a medalha de prata no triplo saltos dos Europeus, com&hellip;\n","protected":false},"author":2,"featured_media":488355,"comment_status":"","ping_status":"","sticky":false,"template":"","format":"standard","meta":{"footnotes":"","_share_on_mastodon":"0"},"categories":[87],"tags":[3563,135,20185,20630,32,33,78040,12448,134,50884],"class_list":["post-488354","post","type-post","status-publish","format-standard","has-post-thumbnail","category-desporto","tag-birmingham","tag-desporto","tag-medalha","tag-pedro-pichardo","tag-portugal","tag-pt","tag-salteados","tag-salto","tag-sports","tag-triplo-salto"],"share_on_mastodon":{"url":"https:\/\/pubeurope.com\/@pt\/117101986130201230","error":""},"_links":{"self":[{"href":"https:\/\/www.europesays.com\/pt\/wp-json\/wp\/v2\/posts\/488354","targetHints":{"allow":["GET"]}}],"collection":[{"href":"https:\/\/www.europesays.com\/pt\/wp-json\/wp\/v2\/posts"}],"about":[{"href":"https:\/\/www.europesays.com\/pt\/wp-json\/wp\/v2\/types\/post"}],"author":[{"embeddable":true,"href":"https:\/\/www.europesays.com\/pt\/wp-json\/wp\/v2\/users\/2"}],"replies":[{"embeddable":true,"href":"https:\/\/www.europesays.com\/pt\/wp-json\/wp\/v2\/comments?post=488354"}],"version-history":[{"count":0,"href":"https:\/\/www.europesays.com\/pt\/wp-json\/wp\/v2\/posts\/488354\/revisions"}],"wp:featuredmedia":[{"embeddable":true,"href":"https:\/\/www.europesays.com\/pt\/wp-json\/wp\/v2\/media\/488355"}],"wp:attachment":[{"href":"https:\/\/www.europesays.com\/pt\/wp-json\/wp\/v2\/media?parent=488354"}],"wp:term":[{"taxonomy":"category","embeddable":true,"href":"https:\/\/www.europesays.com\/pt\/wp-json\/wp\/v2\/categories?post=488354"},{"taxonomy":"post_tag","embeddable":true,"href":"https:\/\/www.europesays.com\/pt\/wp-json\/wp\/v2\/tags?post=488354"}],"curies":[{"name":"wp","href":"https:\/\/api.w.org\/{rel}","templated":true}]}}