{"id":489784,"date":"2026-08-17T09:09:16","date_gmt":"2026-08-17T09:09:16","guid":{"rendered":"https:\/\/www.europesays.com\/pt\/489784\/"},"modified":"2026-08-17T09:09:16","modified_gmt":"2026-08-17T09:09:16","slug":"de-azul-dos-pes-a-cabeca-maria-botelho-moniz-faz-chover-elogios-na-gala-do-big-brother-verao-big-brother-verao-2026-ultimas-noticias-videos-e-diretos","status":"publish","type":"post","link":"https:\/\/www.europesays.com\/pt\/489784\/","title":{"rendered":"De azul dos p\u00e9s \u00e0 cabe\u00e7a: Maria Botelho Moniz faz chover elogios na gala do Big Brother Ver\u00e3o &#8211; Big Brother Ver\u00e3o 2026: \u00daltimas Not\u00edcias, V\u00eddeos e Diretos"},"content":{"rendered":"<p style=\"margin-bottom:11px\">Maria Botelho Moniz voltou a fazer chover elogios com o seu visual. Para <a href=\"https:\/\/tvi.iol.pt\/bigbrother\/gala\/o-que-esperar-da-gala\/passaporte-bloqueado-e-momentos-decisivos-saiba-o-que-esperar-da-gala-do-big-brother-verao\" target=\"_blank\" rel=\"nofollow noopener\">mais uma gala do Big Brother Ver\u00e3o,<\/a> a apresentadora da TVI surgiu deslumbrante com um conjunto azul, composto por um top de ombros descobertos e um folho na cintura que dava volume \u00e0 pe\u00e7a, combinado com cal\u00e7as justas da mesma cor.<\/p>\n<p>O visual apostou no contraste entre estrutura e movimento: o top, de mangas compridas e ombros \u00e0 mostra, destacava-se pelo volume plissado na cintura, enquanto as cal\u00e7as justas mantinham a silhueta elegante e alongada. O resultado foi um coordenado moderno, que uniu sofistica\u00e7\u00e3o a um toque contempor\u00e2neo e arrojado.<\/p>\n<p>Tamb\u00e9m a beleza seguiu uma linha cuidada. O cabelo apareceu liso e repartido ao meio, enquanto a maquilhagem privilegiou uma apar\u00eancia luminosa, complementando na perfei\u00e7\u00e3o o visual escolhido para esta noite de gala.<\/p>\n<p>Nas redes sociais, os elogios n\u00e3o tardam a chegar. &#8216;Linda&#8217;, &#8216;Que gata&#8217; e &#8216;Elegante&#8217; s\u00e3o alguns dos coment\u00e1rios deixados pelos seguidores da apresentadora, no Instagram.<\/p>\n<p>Uma coisa \u00e9 certa: Maria Botelho Moniz voltou a confirmar o seu lugar entre as apresentadoras mais elegantes da televis\u00e3o portuguesa, e este novo look de gala j\u00e1 est\u00e1 a dar que falar nas redes sociais.<\/p>\n<p>Veja, na galeria que prepar\u00e1mos para si, todos os detalhes do look de Maria Botelho Moniz.<\/p>\n<blockquote class=\"instagram-media\" data-instgrm-captioned=\"\" data-instgrm-permalink=\"https:\/\/www.instagram.com\/p\/DcHVtHDiK_s\/?utm_source=ig_embed&amp;utm_campaign=loading\" data-instgrm-version=\"14\" style=\" background:#FFF; border:0; border-radius:3px; box-shadow:0 0 1px 0 rgba(0,0,0,0.5),0 1px 10px 0 rgba(0,0,0,0.15); margin: 1px; max-width:540px; min-width:326px; padding:0; width:99.375%; width:-webkit-calc(100% - 2px); width:calc(100% - 2px);\">\n<\/blockquote>\n<p>\u00a0<\/p>\n<p>                        <script async src=\"\/\/www.instagram.com\/embed.js\"><\/script><\/p>\n","protected":false},"excerpt":{"rendered":"Maria Botelho Moniz voltou a fazer chover elogios com o seu visual. Para mais uma gala do Big&hellip;\n","protected":false},"author":2,"featured_media":489785,"comment_status":"","ping_status":"","sticky":false,"template":"","format":"standard","meta":{"footnotes":"","_share_on_mastodon":"0"},"categories":[142],"tags":[331,48,1170,333,328,335,336,114,115,334,332,330,4319,338,13,32,33,151,162,227],"class_list":["post-489784","post","type-post","status-publish","format-standard","has-post-thumbnail","category-tv","tag-big","tag-big-brother","tag-big-brother-verao","tag-comentadores","tag-concorrentes","tag-confrontos","tag-discussoes","tag-entertainment","tag-entretenimento","tag-exclusivos","tag-expulso","tag-gala","tag-look","tag-maria-botelho-moniz","tag-noticias","tag-portugal","tag-pt","tag-tv","tag-tvi","tag-videos"],"share_on_mastodon":{"url":"https:\/\/pubeurope.com\/@pt\/117110070758662905","error":""},"_links":{"self":[{"href":"https:\/\/www.europesays.com\/pt\/wp-json\/wp\/v2\/posts\/489784","targetHints":{"allow":["GET"]}}],"collection":[{"href":"https:\/\/www.europesays.com\/pt\/wp-json\/wp\/v2\/posts"}],"about":[{"href":"https:\/\/www.europesays.com\/pt\/wp-json\/wp\/v2\/types\/post"}],"author":[{"embeddable":true,"href":"https:\/\/www.europesays.com\/pt\/wp-json\/wp\/v2\/users\/2"}],"replies":[{"embeddable":true,"href":"https:\/\/www.europesays.com\/pt\/wp-json\/wp\/v2\/comments?post=489784"}],"version-history":[{"count":0,"href":"https:\/\/www.europesays.com\/pt\/wp-json\/wp\/v2\/posts\/489784\/revisions"}],"wp:featuredmedia":[{"embeddable":true,"href":"https:\/\/www.europesays.com\/pt\/wp-json\/wp\/v2\/media\/489785"}],"wp:attachment":[{"href":"https:\/\/www.europesays.com\/pt\/wp-json\/wp\/v2\/media?parent=489784"}],"wp:term":[{"taxonomy":"category","embeddable":true,"href":"https:\/\/www.europesays.com\/pt\/wp-json\/wp\/v2\/categories?post=489784"},{"taxonomy":"post_tag","embeddable":true,"href":"https:\/\/www.europesays.com\/pt\/wp-json\/wp\/v2\/tags?post=489784"}],"curies":[{"name":"wp","href":"https:\/\/api.w.org\/{rel}","templated":true}]}}