{"id":489790,"date":"2026-08-17T09:23:24","date_gmt":"2026-08-17T09:23:24","guid":{"rendered":"https:\/\/www.europesays.com\/pt\/489790\/"},"modified":"2026-08-17T09:23:24","modified_gmt":"2026-08-17T09:23:24","slug":"incendios-nos-distritos-de-braganca-vila-real-viana-do-castelo-e-porto-mobilizam-mais-de-750-bombeiros","status":"publish","type":"post","link":"https:\/\/www.europesays.com\/pt\/489790\/","title":{"rendered":"Inc\u00eandios nos distritos de Bragan\u00e7a, Vila Real, Viana do Castelo e Porto mobilizam mais de 750 bombeiros"},"content":{"rendered":"\n<p>&#13;<br \/>\nQuatro inc\u00eandios nos distritos de Bragan\u00e7a, Vila Real, Viana do Castelo e Porto mobilizavam, pelas 7h00 desta segunda-feira, mais de 750 bombeiros. O combate ao fogo de Torre de Moncorvo implicava o maior n\u00famero de meios.<\/p>\n<p>Segundo a Autoridade Nacional de Emerg\u00eancia e Prote\u00e7\u00e3o Civil, <b>o inc\u00eandio que deflagrou perto das 19h00 de s\u00e1bado na freguesia de Cabe\u00e7a Boa, concelho de Torre de Moncorvo, em Bragan\u00e7a, mobilizava 337 operacionais, apoiados por 110 ve\u00edculos<\/b>.As chamas alastraram ao concelho vizinho de Carrazeda de Ansi\u00e3es.&#13;\n<\/p>\n<p>&#13;<br \/>\nAo in\u00edcio da manh\u00e3, <b>continuava igualmente por dominar o inc\u00eandio a lavrar desde as 4h04 de domingo em Ard\u00e3os, no concelho de Boticas, distrito de Vila Real<\/b>. O dispositivo no local era composto por 236 operacionais, com o apoio de 83 ve\u00edculos.<\/p>\n<p>          <img decoding=\"async\" itemprop=\"image\" class=\"img-fluid\"   src=\"https:\/\/www.europesays.com\/pt\/wp-content\/uploads\/2026\/08\/1aadb51354a55eb6b0a0f62ed4d84379_N.jpg\"\/><\/p>\n<p>Telejornal | 16 de agosto de 2026<\/p>\n<p>&#13;<br \/>\n<b>O inc\u00eandio que deflagrou \u00e0s 14h26 de domingo na Senhora da Rocha, em Ponte de Lima<\/b>, distrito de Viana do Castelo, <b>encontrava-se tamb\u00e9m por dominar e mobilizava 137 operacionais<\/b>, apoiados por 43 meios terrestres.&#13;\n<\/p>\n<p>&#13;<br \/>\n<b>Pelas 7h00, permanecia ainda ativo o inc\u00eandio que teve in\u00edcio \u00e0s 14h08 de domingo em Vila Boa de Quires e Maureles<\/b>, no concelho de Marco de Canaveses, distrito do Porto. Combatiam-no 51 operacionais, com o apoio de 16 ve\u00edculos.&#13;\n<\/p>\n<p>&#13;<br \/>\nJ\u00e1 <b>o inc\u00eandio a lavrar desde as 15h15 de domingo no concelho de Oliveira de Azem\u00e9is<\/b>, distrito de Aveiro, <b>entrou em fase de resolu\u00e7\u00e3o<\/b>.<br \/>&#13;<br \/>\nRisco de inc\u00eandio<br \/>&#13;<br \/>\nEsta segunda-feira, <b>a quase totalidade do interior norte e centro est\u00e1 em perigo m\u00e1ximo de inc\u00eandio<\/b>.<\/p>\n<p><b>Em perigo muito elevado est\u00e3o perto de 100 munic\u00edpios dos distritos de Bragan\u00e7a, Vila Real, Viana do Castelo, Braga, Porto, Aveiro, Viseu, Coimbra, Leiria, Santar\u00e9m, Castelo Branco, Portalegre, Lisboa, Set\u00fabal, \u00c9vora, Beja e Faro<\/b>.<\/p>\n<p><b>Mais de 30 concelhos nos distritos de Faro, Beja, Set\u00fabal, Lisboa, Leiria, Aveiro e Braga est\u00e3o em perigo elevado<\/b>.O Instituto Portugu\u00eas do Mar e da Atmosfera espera um dia com possibilidade de aguaceiros, trovoada e queda de granizo ocasional, al\u00e9m de uma pequena subida da temperatura. <br \/>&#13;\n<\/p>\n<p><b>Os distritos de Viana do Castelo, Braga, Porto, Vila Real, Bragan\u00e7a, Aveiro, Viseu, Guarda e Coimbra est\u00e3o at\u00e9 ter\u00e7a-feira debaixo de aviso laranja por causa da previs\u00e3o de tempo quente<\/b>.<\/p>\n<p>O IPMA colocou tamb\u00e9m os distritos de Leiria, Santar\u00e9m, Castelo Branco, Portalegre, Lisboa, Set\u00fabal, \u00c9vora e Beja sob aviso amarelo at\u00e9 \u00e0s 18h00 de ter\u00e7a-feira.<\/p>\n<p>Os distritos de \u00c9vora, Faro, Santar\u00e9m, Beja, Castelo Branco e Portalegre est\u00e3o tamb\u00e9m debaixo de aviso amarelo at\u00e9 \u00e0s 21h00 desta segunda-feira devido \u00e0 previs\u00e3o de aguaceiros localmente fortes e acompanhados de trovoada e rajadas fortes, que poder\u00e3o ser ocasionalmente sob a forma de granizo.<\/p>\n<p>As temperaturas m\u00ednimas oscilam entre os 18 graus Celsius, em Braga e Bragan\u00e7a, e os 27, em Portalegre, e as <b>m\u00e1ximas entre os 27 graus de Aveiro e os 42 em Santar\u00e9m<\/b>.<br \/>&#13;<br \/>\n<br \/>&#13;<br \/>\nc\/ Lusa&#13;<br \/>\n&#13;<\/p>\n","protected":false},"excerpt":{"rendered":"&#13; Quatro inc\u00eandios nos distritos de Bragan\u00e7a, Vila Real, Viana do Castelo e Porto mobilizavam, pelas 7h00 desta&hellip;\n","protected":false},"author":2,"featured_media":489791,"comment_status":"","ping_status":"","sticky":false,"template":"","format":"standard","meta":{"footnotes":"","_share_on_mastodon":"0"},"categories":[8],"tags":[27,28,2200,78254,15,16,14,25,26,21,22,12,13,19,20,32,23,24,6821,33,78255,77645,17,18,78253,29,30,31],"class_list":["post-489790","post","type-post","status-publish","format-standard","has-post-thumbnail","category-principais-noticias","tag-breaking-news","tag-breakingnews","tag-cabeca","tag-carrazeda","tag-featured-news","tag-featurednews","tag-headlines","tag-latest-news","tag-latestnews","tag-main-news","tag-mainnews","tag-news","tag-noticias","tag-noticias-principais","tag-noticiasprincipais","tag-portugal","tag-principais-noticias","tag-principaisnoticias","tag-protecao","tag-pt","tag-quires","tag-senhora","tag-top-stories","tag-topstories","tag-torre-moncorvo-braganca","tag-ultimas","tag-ultimas-noticias","tag-ultimasnoticias"],"share_on_mastodon":{"url":"https:\/\/pubeurope.com\/@pt\/117110126311190511","error":""},"_links":{"self":[{"href":"https:\/\/www.europesays.com\/pt\/wp-json\/wp\/v2\/posts\/489790","targetHints":{"allow":["GET"]}}],"collection":[{"href":"https:\/\/www.europesays.com\/pt\/wp-json\/wp\/v2\/posts"}],"about":[{"href":"https:\/\/www.europesays.com\/pt\/wp-json\/wp\/v2\/types\/post"}],"author":[{"embeddable":true,"href":"https:\/\/www.europesays.com\/pt\/wp-json\/wp\/v2\/users\/2"}],"replies":[{"embeddable":true,"href":"https:\/\/www.europesays.com\/pt\/wp-json\/wp\/v2\/comments?post=489790"}],"version-history":[{"count":0,"href":"https:\/\/www.europesays.com\/pt\/wp-json\/wp\/v2\/posts\/489790\/revisions"}],"wp:featuredmedia":[{"embeddable":true,"href":"https:\/\/www.europesays.com\/pt\/wp-json\/wp\/v2\/media\/489791"}],"wp:attachment":[{"href":"https:\/\/www.europesays.com\/pt\/wp-json\/wp\/v2\/media?parent=489790"}],"wp:term":[{"taxonomy":"category","embeddable":true,"href":"https:\/\/www.europesays.com\/pt\/wp-json\/wp\/v2\/categories?post=489790"},{"taxonomy":"post_tag","embeddable":true,"href":"https:\/\/www.europesays.com\/pt\/wp-json\/wp\/v2\/tags?post=489790"}],"curies":[{"name":"wp","href":"https:\/\/api.w.org\/{rel}","templated":true}]}}