{"id":489814,"date":"2026-08-17T09:52:15","date_gmt":"2026-08-17T09:52:15","guid":{"rendered":"https:\/\/www.europesays.com\/pt\/489814\/"},"modified":"2026-08-17T09:52:15","modified_gmt":"2026-08-17T09:52:15","slug":"com-pm-desligado-da-realidade-carneiro-persegue-guterres-observador","status":"publish","type":"post","link":"https:\/\/www.europesays.com\/pt\/489814\/","title":{"rendered":"Com &#8220;PM desligado da realidade&#8221;, Carneiro persegue Guterres \u2013 Observador"},"content":{"rendered":"<p>A pontaria esteve apontada a Lu\u00eds Montenegro e essencialmente ao discurso na Festa do Pontal, que mereceu in\u00fameras cr\u00edticas, desde as refer\u00eancias a quem \u201cfaz o escrut\u00ednio do Governo\u201d at\u00e9 \u00e0 \u201c<strong>insensibilidade<\/strong>\u201d de quem \u201cem 47 minutos de discurso n\u00e3o teve cinco para pedir desculpa\u201d aos alunos, fam\u00edlias e escolas que foram visados na crise dos exames nacionais. Na verdade, Jos\u00e9 Lu\u00eds Carneiro usou a \u201cinsensibilidade\u201d como cr\u00edtica em v\u00e1rias ocasi\u00f5es.<\/p>\n<p>\u201cAlgu\u00e9m tem de dizer ao primeiro-ministro que o <strong>rei vai mesmo nu<\/strong>. O Governo e o primeiro-ministro n\u00e3o deram at\u00e9 hoje prova de conseguir reagir, responder com capacidade, com sensibilidade e com compet\u00eancia \u00e0s crises que t\u00eam assolado o pa\u00eds, que tem colocado em causa a seguran\u00e7a das pessoas e que t\u00eam posto em causa a previsibilidade da capacidade de resposta do Estado\u201d, apontou o l\u00edder socialista, dando como exemplos o apag\u00e3o (\u201ctodos se recordam do apag\u00e3o e do improviso e imprepara\u00e7\u00e3o\u201d), os inc\u00eandios de 2025 (\u201cestavam na Festa do Pontal, os inc\u00eandios amea\u00e7avam a vida das pessoas, o seu patrim\u00f3nio, e n\u00e3o tiveram a sensibilidade para adiar a festa\u201d) e as tempestades (\u201cGoverno reagiu tarde e reagiu mal\u201d).<\/p>\n<p>Dedicado a enumerar, um por um, os erros do Governo, destacou mais do que uma vez a quest\u00e3o dos exames nacionais. Acusou o Executivo de ter optado por \u201cavan\u00e7ar imponderadamente\u201d e ter tomado uma \u201c<strong>decis\u00e3o irrespons\u00e1vel<\/strong>\u201d, o que \u201ccriou uma crise e prejudicou jovens, fam\u00edlias e escolas\u201d. No final, sublinhou, \u201csacudiram responsabilidades\u201d e \u201catiraram culpas para fam\u00edlias, professores e escolas\u201d. \u201cA humildade democr\u00e1tica falha a este Governo e a este primeiro-ministro\u201d, concluiu o l\u00edder do PS.<\/p>\n<p>A economia \u2014 que Lu\u00eds Montenegro descreveu como a que \u201cmais cresceu\u201d \u2014 foi outro motivo de disc\u00f3rdia, com Jos\u00e9 Lu\u00eds Carneiro a tentar, assumidamente, \u201crefrear o entusiasmo das palavras de Lu\u00eds Montenegro\u201d. Puxou da mem\u00f3ria para dizer que, quando a economia \u201ccrescia a 3%\u201d, a AD prometia a economia a \u201ccrescer a mais\u201d e dizia que \u201cPortugal estava a ser ultrapassado pelos pa\u00edses do leste europeu\u201d. Agora, real\u00e7ou, est\u00e1 a <strong>crescer \u201ccerca de metade daquilo que crescia com os governos<\/strong> do PS\u201d, o pa\u00eds \u201cperdeu competitividade\u201d e \u201cisto coloca em causa o futuro do nosso pa\u00eds\u201d. Al\u00e9m das acusa\u00e7\u00f5es, Carneiro queixou-se de ter a vida complicada na Assembleia da Rep\u00fablica pelo facto de \u201co Governo ter bloqueado as propostas do PS\u201d ao lado de Chega e Iniciativa Liberal.<\/p>\n<p>De resto, Montenegro tamb\u00e9m teve resposta \u00e0 medida que anunciou no Pontal: a compra de 13,7% do capital da REN. E, mais do que resposta, Carneiro deixou perguntas ao primeiro-ministro: qual a raz\u00e3o que leva \u00e0 compra; qual o valor; e por que raz\u00e3o \u00e9 que optou por comprar a um dos acionistas e n\u00e3o no mercado ou a outros acionistas. E acrescentou: \u201cEst\u00e1 em condi\u00e7\u00f5es de garantir aos portugueses que a posi\u00e7\u00e3o que o Estado agora vai comprar permite ao Estado determinar e participar na <strong>defini\u00e7\u00e3o estrat\u00e9gica<\/strong> da REN?\u201d<\/p>\n<p>Puxou depois da Sa\u00fade para dar continuidade ao rol de cr\u00edticas que trouxe para o novo ano legislativo. \u201cO <strong>pa\u00eds est\u00e1 sem rumo estrat\u00e9gico<\/strong>. Falar 47 minutos sem se ter referido \u00e0 sa\u00fade mostra bem como o primeiro-ministro est\u00e1 desligado da realidade\u201d, defendeu, recuperando propostas da campanha de 2025: m\u00e9dicos de fam\u00edlia para todos os portugueses at\u00e9 dezembro de 2025, reduzir os tempos de espera para a primeira consulta, diminuir as listas de espera para cirurgias e diminuir as listas de espera tamb\u00e9m para as cirurgias oncol\u00f3gicas. \u201cForam quatro promessas e Lu\u00eds Montenegro falhou a todas. Mais grave do que n\u00e3o assumirem os erros, \u00e9 procurarem limpar das listas de espera as chamadas cirurgias menos urgentes\u201d, refor\u00e7ou.<\/p>\n<p>Carneiro n\u00e3o terminou o discurso sem tocar no tema da habita\u00e7\u00e3o. Ao notar que \u201cem dois anos o custo com a habita\u00e7\u00e3o em Portugal aumentou mais de 28%\u201d e ao atribuir isso \u201c\u00e0s <strong>pol\u00edticas erradas<\/strong> do Governo, que em vez de responder do lado da oferta, procurou responder do lado da procura\u201d, o l\u00edder socialista prometeu lan\u00e7ar o \u201cServi\u00e7o Nacional de Habita\u00e7\u00e3o, destinado a garantir a mobiliza\u00e7\u00e3o do Estado, das autarquias, das cooperativas, das associa\u00e7\u00f5es, dos arquitetos, dos engenheiros e das empresas de constru\u00e7\u00e3o civil, para mobilizar todo o pa\u00eds para esta resposta fundamental.\u201d<\/p>\n","protected":false},"excerpt":{"rendered":"A pontaria esteve apontada a Lu\u00eds Montenegro e essencialmente ao discurso na Festa do Pontal, que mereceu in\u00fameras&hellip;\n","protected":false},"author":2,"featured_media":489815,"comment_status":"","ping_status":"","sticky":false,"template":"","format":"standard","meta":{"footnotes":"","_share_on_mastodon":"0"},"categories":[8],"tags":[27,28,15,16,14,25,26,21,22,12,13,19,20,302,32,23,24,455,33,17,18,29,30,31],"class_list":["post-489814","post","type-post","status-publish","format-standard","has-post-thumbnail","category-principais-noticias","tag-breaking-news","tag-breakingnews","tag-featured-news","tag-featurednews","tag-headlines","tag-latest-news","tag-latestnews","tag-main-news","tag-mainnews","tag-news","tag-noticias","tag-noticias-principais","tag-noticiasprincipais","tag-polu00edtica","tag-portugal","tag-principais-noticias","tag-principaisnoticias","tag-ps","tag-pt","tag-top-stories","tag-topstories","tag-ultimas","tag-ultimas-noticias","tag-ultimasnoticias"],"share_on_mastodon":{"url":"https:\/\/pubeurope.com\/@pt\/117110239980679671","error":""},"_links":{"self":[{"href":"https:\/\/www.europesays.com\/pt\/wp-json\/wp\/v2\/posts\/489814","targetHints":{"allow":["GET"]}}],"collection":[{"href":"https:\/\/www.europesays.com\/pt\/wp-json\/wp\/v2\/posts"}],"about":[{"href":"https:\/\/www.europesays.com\/pt\/wp-json\/wp\/v2\/types\/post"}],"author":[{"embeddable":true,"href":"https:\/\/www.europesays.com\/pt\/wp-json\/wp\/v2\/users\/2"}],"replies":[{"embeddable":true,"href":"https:\/\/www.europesays.com\/pt\/wp-json\/wp\/v2\/comments?post=489814"}],"version-history":[{"count":0,"href":"https:\/\/www.europesays.com\/pt\/wp-json\/wp\/v2\/posts\/489814\/revisions"}],"wp:featuredmedia":[{"embeddable":true,"href":"https:\/\/www.europesays.com\/pt\/wp-json\/wp\/v2\/media\/489815"}],"wp:attachment":[{"href":"https:\/\/www.europesays.com\/pt\/wp-json\/wp\/v2\/media?parent=489814"}],"wp:term":[{"taxonomy":"category","embeddable":true,"href":"https:\/\/www.europesays.com\/pt\/wp-json\/wp\/v2\/categories?post=489814"},{"taxonomy":"post_tag","embeddable":true,"href":"https:\/\/www.europesays.com\/pt\/wp-json\/wp\/v2\/tags?post=489814"}],"curies":[{"name":"wp","href":"https:\/\/api.w.org\/{rel}","templated":true}]}}