{"id":489942,"date":"2026-08-17T12:03:29","date_gmt":"2026-08-17T12:03:29","guid":{"rendered":"https:\/\/www.europesays.com\/pt\/489942\/"},"modified":"2026-08-17T12:03:29","modified_gmt":"2026-08-17T12:03:29","slug":"jovem-de-25-anos-morre-esfaqueado-no-cais-do-sodre-em-lisboa-apos-ataque-no-jardim","status":"publish","type":"post","link":"https:\/\/www.europesays.com\/pt\/489942\/","title":{"rendered":"Jovem de 25 anos morre esfaqueado no Cais do Sodr\u00e9 em Lisboa ap\u00f3s ataque no jardim"},"content":{"rendered":"<p>Um jovem de 25 anos acabou por morrer este domingo, dia 16 de agosto, depois de ter sido esfaqueado no t\u00f3rax, no Jardim do Cais do Sodr\u00e9, em Lisboa. A ocorr\u00eancia foi confirmada pela Pol\u00edcia de Seguran\u00e7a P\u00fablica \u00e0 SIC.<\/p>\n<p><strong>De acordo com a informa\u00e7\u00e3o avan\u00e7ada, o esfaqueamento ocorreu pelas 12h16m, junto a um quiosque no Cais do Sodr\u00e9, e a v\u00edtima foi encontrada j\u00e1 inconsciente,\u00a0tendo, no entanto, recebido assist\u00eancia ainda no local e levada depois para o Hospital de S\u00e3o Jos\u00e9, em estado considerado grave.<\/strong><\/p>\n<p>O suspeito colocou-se em fuga imediatamente ap\u00f3s a agress\u00e3o, em dire\u00e7\u00e3o ao Terreiro do Pa\u00e7o.<\/p>\n<p>Mas, <strong>apesar dos esfor\u00e7os das equipas m\u00e9dicas, a PSP acabou por referir que a v\u00edtima n\u00e3o resistiu aos ferimentos provocados pela agress\u00e3o e que o \u00f3bito foi confirmado pelas 13:12.<\/strong><\/p>\n<p>Segundo a PSP o suspeito colocou-se em fuga imediatamente ap\u00f3s a agress\u00e3o, em dire\u00e7\u00e3o ao Terreiro do Pa\u00e7o, e at\u00e9 ao momento ainda n\u00e3o foi capturado.<\/p>\n","protected":false},"excerpt":{"rendered":"Um jovem de 25 anos acabou por morrer este domingo, dia 16 de agosto, depois de ter sido&hellip;\n","protected":false},"author":2,"featured_media":489943,"comment_status":"","ping_status":"","sticky":false,"template":"","format":"standard","meta":{"footnotes":"","_share_on_mastodon":"0"},"categories":[8],"tags":[27,28,14842,17889,15,16,14,5564,21321,78280,78277,25,26,78276,21,22,12,13,19,20,32,23,24,42851,33,78278,17,18,29,30,31,78279],"class_list":["post-489942","post","type-post","status-publish","format-standard","has-post-thumbnail","category-principais-noticias","tag-breaking-news","tag-breakingnews","tag-cais-do-sodre","tag-esfaqueamento","tag-featured-news","tag-featurednews","tag-headlines","tag-homicidio","tag-hospital-sao-jose","tag-jardim-cais","tag-jovem-morto","tag-latest-news","tag-latestnews","tag-lisboa-crime","tag-main-news","tag-mainnews","tag-news","tag-noticias","tag-noticias-principais","tag-noticiasprincipais","tag-portugal","tag-principais-noticias","tag-principaisnoticias","tag-psp-lisboa","tag-pt","tag-suspeito-em-fuga","tag-top-stories","tag-topstories","tag-ultimas","tag-ultimas-noticias","tag-ultimasnoticias","tag-violencia-urbana"],"share_on_mastodon":{"url":"","error":"Validation failed: Text character limit of 500 exceeded"},"_links":{"self":[{"href":"https:\/\/www.europesays.com\/pt\/wp-json\/wp\/v2\/posts\/489942","targetHints":{"allow":["GET"]}}],"collection":[{"href":"https:\/\/www.europesays.com\/pt\/wp-json\/wp\/v2\/posts"}],"about":[{"href":"https:\/\/www.europesays.com\/pt\/wp-json\/wp\/v2\/types\/post"}],"author":[{"embeddable":true,"href":"https:\/\/www.europesays.com\/pt\/wp-json\/wp\/v2\/users\/2"}],"replies":[{"embeddable":true,"href":"https:\/\/www.europesays.com\/pt\/wp-json\/wp\/v2\/comments?post=489942"}],"version-history":[{"count":0,"href":"https:\/\/www.europesays.com\/pt\/wp-json\/wp\/v2\/posts\/489942\/revisions"}],"wp:featuredmedia":[{"embeddable":true,"href":"https:\/\/www.europesays.com\/pt\/wp-json\/wp\/v2\/media\/489943"}],"wp:attachment":[{"href":"https:\/\/www.europesays.com\/pt\/wp-json\/wp\/v2\/media?parent=489942"}],"wp:term":[{"taxonomy":"category","embeddable":true,"href":"https:\/\/www.europesays.com\/pt\/wp-json\/wp\/v2\/categories?post=489942"},{"taxonomy":"post_tag","embeddable":true,"href":"https:\/\/www.europesays.com\/pt\/wp-json\/wp\/v2\/tags?post=489942"}],"curies":[{"name":"wp","href":"https:\/\/api.w.org\/{rel}","templated":true}]}}