{"id":49027,"date":"2025-08-28T18:56:12","date_gmt":"2025-08-28T18:56:12","guid":{"rendered":"https:\/\/www.europesays.com\/pt\/49027\/"},"modified":"2025-08-28T18:56:12","modified_gmt":"2025-08-28T18:56:12","slug":"ariana-grande-anuncia-nova-turne-e-deixa-brasil-de-fora-veja-datas","status":"publish","type":"post","link":"https:\/\/www.europesays.com\/pt\/49027\/","title":{"rendered":"Ariana Grande anuncia nova turn\u00ea e deixa Brasil de fora; veja datas"},"content":{"rendered":"<p class=\"my-5 break-words group-[.isActiveSource]:text-xl\">A cantora Ariana Grande, 32, anunciou, nesta quinta-feira (28), que sair\u00e1 mesmo em turn\u00ea no ano que vem, conforme seus f\u00e3s j\u00e1 especulavam. Dois anos ap\u00f3s o lan\u00e7amento do seu \u00faltimo \u00e1lbum, a artista finalmente levar\u00e1 o projeto aos palcos com a &#8220;The Eternal Sunshine Tour&#8221;.<\/p>\n<p class=\"my-5 break-words group-[.isActiveSource]:text-xl\">A princ\u00edpio, a turn\u00ea contar\u00e1 com apenas 27 datas, passar\u00e1 por tr\u00eas pa\u00edses (Estados Unidos, Canad\u00e1 e Reino Unido) e acontecer\u00e1 entre os meses de junho e agosto de 2026. A turn\u00ea marcar\u00e1 o retorno de Ariana Grande aos palcos ap\u00f3s sete anos, j\u00e1 que sua \u00faltima turn\u00ea havia sido a &#8220;Sweetener World Tour&#8221;, de 2019.<\/p>\n<p class=\"my-5 break-words group-[.isActiveSource]:text-xl\">Apesar dos rumores, Ariana ainda n\u00e3o anunciou nenhuma data no Brasil. A cantora n\u00e3o faz shows por aqui desde 2017, quando trouxe a &#8220;Dangerous Woman Tour&#8221;.<\/p>\n<p class=\"my-5 break-words group-[.isActiveSource]:text-xl\">O &#8220;Eternal Sunshine&#8221; \u00e9 o s\u00e9timo \u00e1lbum de est\u00fadio da cantora, foi lan\u00e7ado em mar\u00e7o de 2024 e conta com hits como &#8220;We Can&#8217;t Be Friends (Wait For Your Love)&#8221;, <a href=\"https:\/\/www.cnnbrasil.com.br\/entretenimento\/ariana-grande-lanca-single-yes-and-ouca\/\" class=\"text-red-600 underline hover:text-red-500 font-medium break-words group-[.isActiveSource]:text-xl\" target=\"_self\" rel=\"nofollow noopener\">&#8220;Yes, And?&#8221;<\/a> e &#8220;The Boy Is Mine&#8221;. O projeto inspirado no filme &#8220;Brilho Eterno de uma Mente Sem Lembran\u00e7as&#8221; tamb\u00e9m ganhou uma vers\u00e3o deluxe, o <a href=\"https:\/\/www.cnnbrasil.com.br\/entretenimento\/ariana-grande-anuncia-versao-estendida-do-eternal-sunshine-veja-teaser\/\" class=\"text-red-600 underline hover:text-red-500 font-medium break-words group-[.isActiveSource]:text-xl\" target=\"_self\" rel=\"nofollow noopener\">&#8220;Brighter Days Ahead&#8221;<\/a>, com direito a um curta-metragem, em mar\u00e7o deste ano.<\/p>\n<p class=\"my-5 break-words group-[.isActiveSource]:text-xl\">Apesar do sucesso comercial do disco, Ariana demorou para sair em turn\u00eas porque estava dedicada \u00e0 grava\u00e7\u00e3o e divulga\u00e7\u00e3o de &#8220;Wicked&#8221;. A <a href=\"https:\/\/www.cnnbrasil.com.br\/entretenimento\/wicked-2-cynthia-erivo-e-ariana-grande-revelam-bastidores-em-video\/\" class=\"text-red-600 underline hover:text-red-500 font-medium break-words group-[.isActiveSource]:text-xl\" target=\"_self\" rel=\"nofollow noopener\">segunda parte da adapta\u00e7\u00e3o do musical da Broadway para os cinemas<\/a> ser\u00e1 lan\u00e7ada em novembro e a agenda de compromissos da cantora deve seguir lotada at\u00e9 o Oscar, em fevereiro.<\/p>\n<p>Confira as datas da &#8220;The Eternal Sunshine Tour&#8221;<\/p>\n<ul class=\"list-none [li&gt;&amp;]:pl-5\">\n<li class=\"[ul&gt;&amp;]:indent-5 mb-3 break-words [ul&gt;&amp;]:relative [ul&gt;&amp;]:before:absolute [ul&gt;&amp;]:before:left-1 [ul&gt;&amp;]:before:top-2 [ul&gt;&amp;]:before:w-2 [ul&gt;&amp;]:before:h-2 [ul&gt;&amp;]:before:bg-red-600 [ul&gt;&amp;]:before:rounded-full marker:inline group-[.isActiveSource]:text-xl\">6 e 9 de junho: Oakland, na Calif\u00f3rnia;<\/li>\n<li class=\"[ul&gt;&amp;]:indent-5 mb-3 break-words [ul&gt;&amp;]:relative [ul&gt;&amp;]:before:absolute [ul&gt;&amp;]:before:left-1 [ul&gt;&amp;]:before:top-2 [ul&gt;&amp;]:before:w-2 [ul&gt;&amp;]:before:h-2 [ul&gt;&amp;]:before:bg-red-600 [ul&gt;&amp;]:before:rounded-full marker:inline group-[.isActiveSource]:text-xl\">13, 14, 17 e 19 de junho: Los Angeles, na Calif\u00f3rnia;<\/li>\n<li class=\"[ul&gt;&amp;]:indent-5 mb-3 break-words [ul&gt;&amp;]:relative [ul&gt;&amp;]:before:absolute [ul&gt;&amp;]:before:left-1 [ul&gt;&amp;]:before:top-2 [ul&gt;&amp;]:before:w-2 [ul&gt;&amp;]:before:h-2 [ul&gt;&amp;]:before:bg-red-600 [ul&gt;&amp;]:before:rounded-full marker:inline group-[.isActiveSource]:text-xl\">24 e 26 de junho: Austin, no Texas;<\/li>\n<li class=\"[ul&gt;&amp;]:indent-5 mb-3 break-words [ul&gt;&amp;]:relative [ul&gt;&amp;]:before:absolute [ul&gt;&amp;]:before:left-1 [ul&gt;&amp;]:before:top-2 [ul&gt;&amp;]:before:w-2 [ul&gt;&amp;]:before:h-2 [ul&gt;&amp;]:before:bg-red-600 [ul&gt;&amp;]:before:rounded-full marker:inline group-[.isActiveSource]:text-xl\">30 de junho e 2 de julho: Sunrise, na Fl\u00f3rida;<\/li>\n<li class=\"[ul&gt;&amp;]:indent-5 mb-3 break-words [ul&gt;&amp;]:relative [ul&gt;&amp;]:before:absolute [ul&gt;&amp;]:before:left-1 [ul&gt;&amp;]:before:top-2 [ul&gt;&amp;]:before:w-2 [ul&gt;&amp;]:before:h-2 [ul&gt;&amp;]:before:bg-red-600 [ul&gt;&amp;]:before:rounded-full marker:inline group-[.isActiveSource]:text-xl\">6 e 8 de julho: Atlanta, na Ge\u00f3rgia;<\/li>\n<li class=\"[ul&gt;&amp;]:indent-5 mb-3 break-words [ul&gt;&amp;]:relative [ul&gt;&amp;]:before:absolute [ul&gt;&amp;]:before:left-1 [ul&gt;&amp;]:before:top-2 [ul&gt;&amp;]:before:w-2 [ul&gt;&amp;]:before:h-2 [ul&gt;&amp;]:before:bg-red-600 [ul&gt;&amp;]:before:rounded-full marker:inline group-[.isActiveSource]:text-xl\">12, 13, 16 e 18 de julho: Brooklyn, em Nova York;<\/li>\n<li class=\"[ul&gt;&amp;]:indent-5 mb-3 break-words [ul&gt;&amp;]:relative [ul&gt;&amp;]:before:absolute [ul&gt;&amp;]:before:left-1 [ul&gt;&amp;]:before:top-2 [ul&gt;&amp;]:before:w-2 [ul&gt;&amp;]:before:h-2 [ul&gt;&amp;]:before:bg-red-600 [ul&gt;&amp;]:before:rounded-full marker:inline group-[.isActiveSource]:text-xl\">22 e 24 de julho: Boston, em Massachusetts;<\/li>\n<li class=\"[ul&gt;&amp;]:indent-5 mb-3 break-words [ul&gt;&amp;]:relative [ul&gt;&amp;]:before:absolute [ul&gt;&amp;]:before:left-1 [ul&gt;&amp;]:before:top-2 [ul&gt;&amp;]:before:w-2 [ul&gt;&amp;]:before:h-2 [ul&gt;&amp;]:before:bg-red-600 [ul&gt;&amp;]:before:rounded-full marker:inline group-[.isActiveSource]:text-xl\">28 de 30 de julho: Montreal, no Canad\u00e1;<\/li>\n<li class=\"[ul&gt;&amp;]:indent-5 mb-3 break-words [ul&gt;&amp;]:relative [ul&gt;&amp;]:before:absolute [ul&gt;&amp;]:before:left-1 [ul&gt;&amp;]:before:top-2 [ul&gt;&amp;]:before:w-2 [ul&gt;&amp;]:before:h-2 [ul&gt;&amp;]:before:bg-red-600 [ul&gt;&amp;]:before:rounded-full marker:inline group-[.isActiveSource]:text-xl\">3 e 5 de agosto: Chicago, em Illinois;<\/li>\n<li class=\"[ul&gt;&amp;]:indent-5 mb-3 break-words [ul&gt;&amp;]:relative [ul&gt;&amp;]:before:absolute [ul&gt;&amp;]:before:left-1 [ul&gt;&amp;]:before:top-2 [ul&gt;&amp;]:before:w-2 [ul&gt;&amp;]:before:h-2 [ul&gt;&amp;]:before:bg-red-600 [ul&gt;&amp;]:before:rounded-full marker:inline group-[.isActiveSource]:text-xl\">15, 16, 19, 20 e 23 agosto: Londres, no Reino Unido.<\/li>\n<\/ul>\n<blockquote class=\"instagram-media !mx-auto\" style=\"background:#FFF;border:0;border-radius:3px;box-shadow:0 0 1px 0 rgba(0,0,0,0.5),0 1px 10px 0 rgba(0,0,0,0.15);margin:1px;max-width:540px;min-width:326px;padding:0;width:calc(100% - 2px)\" data-instgrm-captioned=\"\" data-instgrm-permalink=\"https:\/\/www.instagram.com\/p\/DN5rhppDl9D\/?utm_source=ig_embed&amp;utm_campaign=loading\" data-instgrm-version=\"14\">\n<\/blockquote>\n<p>Veja tamb\u00e9m: Encontro entre Ariana Grande e Fernanda Torres viraliza<\/p>\n<p><script async src=\"\/\/www.instagram.com\/embed.js\"><\/script><\/p>\n","protected":false},"excerpt":{"rendered":"A cantora Ariana Grande, 32, anunciou, nesta quinta-feira (28), que sair\u00e1 mesmo em turn\u00ea no ano que vem,&hellip;\n","protected":false},"author":2,"featured_media":49028,"comment_status":"","ping_status":"","sticky":false,"template":"","format":"standard","meta":{"footnotes":""},"categories":[141],"tags":[114,115,149,150,32,33],"class_list":{"0":"post-49027","1":"post","2":"type-post","3":"status-publish","4":"format-standard","5":"has-post-thumbnail","7":"category-musica","8":"tag-entertainment","9":"tag-entretenimento","10":"tag-music","11":"tag-musica","12":"tag-portugal","13":"tag-pt"},"share_on_mastodon":{"url":"","error":""},"_links":{"self":[{"href":"https:\/\/www.europesays.com\/pt\/wp-json\/wp\/v2\/posts\/49027","targetHints":{"allow":["GET"]}}],"collection":[{"href":"https:\/\/www.europesays.com\/pt\/wp-json\/wp\/v2\/posts"}],"about":[{"href":"https:\/\/www.europesays.com\/pt\/wp-json\/wp\/v2\/types\/post"}],"author":[{"embeddable":true,"href":"https:\/\/www.europesays.com\/pt\/wp-json\/wp\/v2\/users\/2"}],"replies":[{"embeddable":true,"href":"https:\/\/www.europesays.com\/pt\/wp-json\/wp\/v2\/comments?post=49027"}],"version-history":[{"count":0,"href":"https:\/\/www.europesays.com\/pt\/wp-json\/wp\/v2\/posts\/49027\/revisions"}],"wp:featuredmedia":[{"embeddable":true,"href":"https:\/\/www.europesays.com\/pt\/wp-json\/wp\/v2\/media\/49028"}],"wp:attachment":[{"href":"https:\/\/www.europesays.com\/pt\/wp-json\/wp\/v2\/media?parent=49027"}],"wp:term":[{"taxonomy":"category","embeddable":true,"href":"https:\/\/www.europesays.com\/pt\/wp-json\/wp\/v2\/categories?post=49027"},{"taxonomy":"post_tag","embeddable":true,"href":"https:\/\/www.europesays.com\/pt\/wp-json\/wp\/v2\/tags?post=49027"}],"curies":[{"name":"wp","href":"https:\/\/api.w.org\/{rel}","templated":true}]}}