{"id":490288,"date":"2026-08-17T17:24:12","date_gmt":"2026-08-17T17:24:12","guid":{"rendered":"https:\/\/www.europesays.com\/pt\/490288\/"},"modified":"2026-08-17T17:24:12","modified_gmt":"2026-08-17T17:24:12","slug":"itens-de-jo-soares-serao-vendidos-a-partir-desta-quarta-17-08-2026-voce-viu","status":"publish","type":"post","link":"https:\/\/www.europesays.com\/pt\/490288\/","title":{"rendered":"Itens de J\u00f4 Soares ser\u00e3o vendidos a partir desta quarta &#8211; 17\/08\/2026 &#8211; Voc\u00ea viu?"},"content":{"rendered":"<p>              <strong class=\"c-signature__author\"><br \/>\n          <a href=\"https:\/\/www1.folha.uol.com.br\/autores\/leonardo-volpato.shtml\" rel=\"nofollow noopener\" target=\"_blank\">Leonardo Volpato<\/a><br \/>\n        <\/strong><\/p>\n<p>\n<strong class=\"c-signature__location\">S\u00e3o Paulo<\/strong>\n<\/p>\n<p>Quatro anos ap\u00f3s a morte de <a href=\"https:\/\/www1.folha.uol.com.br\/folha-topicos\/jo-soares\/\" rel=\"nofollow noopener\" target=\"_blank\">J\u00f4 Soares<\/a>, itens que pertenceram ao humorista e apresentador poder\u00e3o ganhar novos donos. O Retiro dos Artistas, no <a href=\"https:\/\/www1.folha.uol.com.br\/folha-topicos\/rio-de-janeiro\/\" rel=\"nofollow noopener\" target=\"_blank\">Rio de Janeiro<\/a>, promove a partir desta quarta-feira (19) um <a href=\"https:\/\/f5.folha.uol.com.br\/voceviu\/2026\/08\/acervo-de-jo-soares-e-doado-para-bazar-beneficente-do-retiro-dos-artistas.shtml\" rel=\"nofollow noopener\" target=\"\">bazar beneficente com roupas, chap\u00e9us, cintos, poltronas, quadros e outros objetos<\/a> que fizeram parte do acervo pessoal do artista.<\/p>\n","protected":false},"excerpt":{"rendered":"Leonardo Volpato S\u00e3o Paulo Quatro anos ap\u00f3s a morte de J\u00f4 Soares, itens que pertenceram ao humorista e&hellip;\n","protected":false},"author":2,"featured_media":490289,"comment_status":"","ping_status":"","sticky":false,"template":"","format":"standard","meta":{"footnotes":"","_share_on_mastodon":"0"},"categories":[142],"tags":[219,211,223,114,115,224,225,226,221,220,222,75396,32,33,37840,2326,2566,218,228,151,227],"class_list":["post-490288","post","type-post","status-publish","format-standard","has-post-thumbnail","category-tv","tag-bichos","tag-celebridades","tag-colunistas","tag-entertainment","tag-entretenimento","tag-estranho","tag-eu-amo","tag-fofices","tag-horoscopo","tag-humanos","tag-humor","tag-j-soares","tag-portugal","tag-pt","tag-retiro-dos-artistas","tag-rio-de-janeiro","tag-televiso","tag-televisao","tag-tudo","tag-tv","tag-videos"],"share_on_mastodon":{"url":"https:\/\/pubeurope.com\/@pt\/117112016833828700","error":""},"_links":{"self":[{"href":"https:\/\/www.europesays.com\/pt\/wp-json\/wp\/v2\/posts\/490288","targetHints":{"allow":["GET"]}}],"collection":[{"href":"https:\/\/www.europesays.com\/pt\/wp-json\/wp\/v2\/posts"}],"about":[{"href":"https:\/\/www.europesays.com\/pt\/wp-json\/wp\/v2\/types\/post"}],"author":[{"embeddable":true,"href":"https:\/\/www.europesays.com\/pt\/wp-json\/wp\/v2\/users\/2"}],"replies":[{"embeddable":true,"href":"https:\/\/www.europesays.com\/pt\/wp-json\/wp\/v2\/comments?post=490288"}],"version-history":[{"count":0,"href":"https:\/\/www.europesays.com\/pt\/wp-json\/wp\/v2\/posts\/490288\/revisions"}],"wp:featuredmedia":[{"embeddable":true,"href":"https:\/\/www.europesays.com\/pt\/wp-json\/wp\/v2\/media\/490289"}],"wp:attachment":[{"href":"https:\/\/www.europesays.com\/pt\/wp-json\/wp\/v2\/media?parent=490288"}],"wp:term":[{"taxonomy":"category","embeddable":true,"href":"https:\/\/www.europesays.com\/pt\/wp-json\/wp\/v2\/categories?post=490288"},{"taxonomy":"post_tag","embeddable":true,"href":"https:\/\/www.europesays.com\/pt\/wp-json\/wp\/v2\/tags?post=490288"}],"curies":[{"name":"wp","href":"https:\/\/api.w.org\/{rel}","templated":true}]}}