{"id":49041,"date":"2025-08-28T19:04:25","date_gmt":"2025-08-28T19:04:25","guid":{"rendered":"https:\/\/www.europesays.com\/pt\/49041\/"},"modified":"2025-08-28T19:04:25","modified_gmt":"2025-08-28T19:04:25","slug":"proposta-de-nova-lei-do-passaporte-angolano-a-caminho-do-parlamento-onde-o-prazo-de-validade-sera-reduzido-de-15-para-10-anos","status":"publish","type":"post","link":"https:\/\/www.europesays.com\/pt\/49041\/","title":{"rendered":"Proposta de nova Lei do Passaporte Angolano a caminho do Parlamento onde o prazo de validade ser\u00e1 reduzido de 15 para 10 anos"},"content":{"rendered":"<p>DF<\/p>\n<p>28 de Agosto\u00a02025 \u00e0s 09:29<\/p>\n<p>De igual modo, o Parlamento vai receber para debate e vota\u00e7\u00e3o a Proposta de Lei que estabelece as normas reguladoras para a produ\u00e7\u00e3o, registo, controlo, importa\u00e7\u00e3o e exporta\u00e7\u00e3o de pesticidas e o uso de fertilizantes e correctivos de solo.<\/p>\n<p>Esta proposta sobre fertilizantes, segundo o Executivo, constitui um instrumento fundamental para a materializa\u00e7\u00e3o das perspectivas econ\u00f3micas de desenvolvimento agr\u00edcola em curso e a integra\u00e7\u00e3o de Angola no Mercado de Livre Com\u00e9rcio da SADC.   <\/p>\n<p>De acordo com o Executivo, o documento \u00e9 essencial para a integra\u00e7\u00e3o no Mercado Regional Africano e Internacional, assegurando a produ\u00e7\u00e3o de alimentos saud\u00e1veis, o aumento da produ\u00e7\u00e3o e da produtividade, a seguran\u00e7a alimentar, bem como o controlo do mercado de pesticidas e fertilizantes no pa\u00eds.<\/p>\n<p>O documento procura assegurar pr\u00e1ticas agr\u00edcolas sustent\u00e1veis para proteger o ambiente e permitir a seguran\u00e7a alimentar.<\/p>\n<p>No que diz respeito \u00e0 Proposta de Lei de Altera\u00e7\u00e3o \u00e0 Lei do Passaporte Angolano, o Executivo diz que o passaporte normal, cuja validade actual Lei \u00e9 de 15 anos, passar\u00e1 a ter um per\u00edodo de caducidade de 10 anos.<\/p>\n<p>Prop\u00f5e para tr\u00eas anos o per\u00edodo de validade do passaporte para cidad\u00e3os dos 0 aos tr\u00eas anos, assim como os passaportes diplom\u00e1ticos, na mesma condi\u00e7\u00e3o de menores de idade.   <\/p>\n<p>O Executivo diz que deixar\u00e1 de ser obrigat\u00f3rio a devolu\u00e7\u00e3o do passaporte caducado para a emiss\u00e3o do novo documento, exig\u00eancia que consta da actual Lei.<\/p>\n","protected":false},"excerpt":{"rendered":"DF 28 de Agosto\u00a02025 \u00e0s 09:29 De igual modo, o Parlamento vai receber para debate e vota\u00e7\u00e3o a&hellip;\n","protected":false},"author":2,"featured_media":49042,"comment_status":"","ping_status":"","sticky":false,"template":"","format":"standard","meta":{"footnotes":""},"categories":[50],"tags":[2992,2713,836,1063,1753,3003,2995,27,28,470,1195,315,135,3005,476,2993,2258,1169,15,16,2085,524,3002,3000,643,14,2998,2086,1856,82,2513,1428,25,26,2996,2994,2997,21,22,606,3001,62,150,619,12,718,2990,13,19,20,2991,2989,835,602,52,32,23,24,2999,548,679,58,2387,218,605,17,18,151,29,30,31,578,63,64,65,3004],"class_list":{"0":"post-49041","1":"post","2":"type-post","3":"status-publish","4":"format-standard","5":"has-post-thumbnail","7":"category-mundo","8":"tag-actualidade","9":"tag-africa","10":"tag-analise","11":"tag-angola","12":"tag-artes","13":"tag-assinatura","14":"tag-benguela","15":"tag-breaking-news","16":"tag-breakingnews","17":"tag-cinema","18":"tag-concerto","19":"tag-cultura","20":"tag-desporto","21":"tag-download","22":"tag-economia","23":"tag-editorial","24":"tag-eleicoes","25":"tag-facebook","26":"tag-featured-news","27":"tag-featurednews","28":"tag-fotografia","29":"tag-futebol","30":"tag-galeria","31":"tag-girabola","32":"tag-google","33":"tag-headlines","34":"tag-huambo","35":"tag-imagem","36":"tag-informacao","37":"tag-internacional","38":"tag-jornal","39":"tag-jornalismo","40":"tag-latest-news","41":"tag-latestnews","42":"tag-lobito","43":"tag-luanda","44":"tag-lubango","45":"tag-main-news","46":"tag-mainnews","47":"tag-meteorologia","48":"tag-multimedia","49":"tag-mundo","50":"tag-musica","51":"tag-nacional","52":"tag-news","53":"tag-newsletter","54":"tag-nj","55":"tag-noticias","56":"tag-noticias-principais","57":"tag-noticiasprincipais","58":"tag-nova-vaga","59":"tag-novo-jornal","60":"tag-opiniao","61":"tag-pais","62":"tag-politica","63":"tag-portugal","64":"tag-principais-noticias","65":"tag-principaisnoticias","66":"tag-provincias","67":"tag-redes-sociais","68":"tag-reportagem","69":"tag-sociedade","70":"tag-teatro","71":"tag-televisao","72":"tag-tempo","73":"tag-top-stories","74":"tag-topstories","75":"tag-tv","76":"tag-ultimas","77":"tag-ultimas-noticias","78":"tag-ultimasnoticias","79":"tag-video","80":"tag-world","81":"tag-world-news","82":"tag-worldnews","83":"tag-youtube"},"share_on_mastodon":{"url":"","error":""},"_links":{"self":[{"href":"https:\/\/www.europesays.com\/pt\/wp-json\/wp\/v2\/posts\/49041","targetHints":{"allow":["GET"]}}],"collection":[{"href":"https:\/\/www.europesays.com\/pt\/wp-json\/wp\/v2\/posts"}],"about":[{"href":"https:\/\/www.europesays.com\/pt\/wp-json\/wp\/v2\/types\/post"}],"author":[{"embeddable":true,"href":"https:\/\/www.europesays.com\/pt\/wp-json\/wp\/v2\/users\/2"}],"replies":[{"embeddable":true,"href":"https:\/\/www.europesays.com\/pt\/wp-json\/wp\/v2\/comments?post=49041"}],"version-history":[{"count":0,"href":"https:\/\/www.europesays.com\/pt\/wp-json\/wp\/v2\/posts\/49041\/revisions"}],"wp:featuredmedia":[{"embeddable":true,"href":"https:\/\/www.europesays.com\/pt\/wp-json\/wp\/v2\/media\/49042"}],"wp:attachment":[{"href":"https:\/\/www.europesays.com\/pt\/wp-json\/wp\/v2\/media?parent=49041"}],"wp:term":[{"taxonomy":"category","embeddable":true,"href":"https:\/\/www.europesays.com\/pt\/wp-json\/wp\/v2\/categories?post=49041"},{"taxonomy":"post_tag","embeddable":true,"href":"https:\/\/www.europesays.com\/pt\/wp-json\/wp\/v2\/tags?post=49041"}],"curies":[{"name":"wp","href":"https:\/\/api.w.org\/{rel}","templated":true}]}}