{"id":49046,"date":"2025-08-28T19:12:13","date_gmt":"2025-08-28T19:12:13","guid":{"rendered":"https:\/\/www.europesays.com\/pt\/49046\/"},"modified":"2025-08-28T19:12:13","modified_gmt":"2025-08-28T19:12:13","slug":"luiza-brunet-entra-com-laudo-na-justica-e-pede-r-1-milhao-midianews","status":"publish","type":"post","link":"https:\/\/www.europesays.com\/pt\/49046\/","title":{"rendered":"Luiza Brunet entra com laudo na Justi\u00e7a e pede R$ 1 milh\u00e3o &#8211; MidiaNews"},"content":{"rendered":"<ol>\n<li><a href=\"https:\/\/news.google.com\/rss\/articles\/CBMipwFBVV95cUxQd0NXYlpEQ1ZVakVueUtHckp3Z3Y4UTYwNG1Cc0xkNUxzZjgxUENudHBXSEYtOF9aYnFuM2FJTlRpZVE4aGZZSFZjeXRILXR3aTI4RE1pVFhQLTlMVEpVS1BDMFozdEZqcDBMMUdlZEhEVWhtQ2pXeW5tZ0haWWhJSUZWdmJ1R3JiZVhnRE1HemtCZ25jWnItdGlXSzVpbUo3SU5wQUd4RQ?oc=5\" target=\"_blank\" rel=\"nofollow noopener\">Luiza Brunet entra com laudo na Justi\u00e7a e pede R$ 1 milh\u00e3o<\/a>&nbsp;&nbsp;MidiaNews<\/li>\n<li><a href=\"https:\/\/news.google.com\/rss\/articles\/CBMiywFBVV95cUxQZms1SF93dk5LZnYzVHhHSl8tUGJkeERKMmFxSWQ3U2pIZGNMd0xFQ0ZQZ0V4X0tkMmpGdDVLTEc5cWxPUEFVLVV5RGwxYTRua3BrN2VUdjRlOEd0OFVoWXlqenNiQVlMUVVfTW5TTGdkVXlSdjd4U3ptSkxERGpkaEd6dFFwZEp4S1NCZkpnQ2U3V2tuWU5JeU5iY2JtMVBaSFItaW5SWGRVOWpYTTE1ZWVoNEp4WEU0UHhmNzdwZUxFY0RDR3A4STFGVdIB0AFBVV95cUxPc01HSkM1d0VhNnV0a1ZZZEl2NlNIRmJ5MHBOZ3ROVUdERF85SVd6anhaVGNVTkwxUDFaaWNpNk9CTllvNFpLUlV1VGNUT1JXT1pyT3l3RndaTlpVcDdMd0YxU1had250ZGE5WEdLS1JYZDdwZzlYRDlpTl9Ud1AzdlVvXzU3d3Q1Wm5aM1ZpSFpUV3ZKWlNpcVlWQTI3WVVjWEI0X1dGZENOR3FjX19pUUpZeWFRUEhWODlBYVhNNnJKQk14MjZLdlQ2R3pVU2NQ?oc=5\" target=\"_blank\" rel=\"nofollow noopener\">Luiza Brunet entra com laudo na Justi\u00e7a e pede R$ 1 milh\u00e3o de L\u00edrio Parisotto<\/a>&nbsp;&nbsp;UOL<\/li>\n<li><a href=\"https:\/\/news.google.com\/rss\/articles\/CBMirAFBVV95cUxPWS03dHJ3Y2RkLU05X1VreEJjMlZuV1hJRk9peXIta0tFMTJSY1FTbTBITHB6U1lMYTRyNVNVVW1QU29XcDZVaV9pVnZMZG1uVTlzRU92N3ZxR2VYS04yXzl6UnBjdGtNNUE0NnhuWml4cFRMM0hJYUdvdWkzSDNmOWNZeWNqNWJkR09VNDJzYjhIaV9yaEZ3M3o1MVRES0VxVEh3S2tHbUY4SGdp?oc=5\" target=\"_blank\" rel=\"nofollow noopener\">Luiza Brunet pede indeniza\u00e7\u00e3o de R$ 1 milh\u00e3o a ex-marido por agress\u00e3o<\/a>&nbsp;&nbsp;Metr\u00f3poles<\/li>\n<li><a href=\"https:\/\/news.google.com\/rss\/articles\/CBMiyAFBVV95cUxNejBnNGRQRVFuOXZTNnJmWUxtQVBlMHVDd2F5akhLQ0p6ZWl4cXdRUExyX1BoLTBMX2N2ZnVSX3k0V2NqWVVPbHJEZ1RPNWRwUThEUlBNbWg4emMzWFFpMjgtc1ZucS1xTGk0QWVQUHZuLV92dm45dkxUaFh5aTA0Uzl4cV9xcFp2dEE5WDVkXzY0OXhuOE1FbHE4aGR4SnlMRmphdDNXMlRMbDhXNG5SUEpsYjdkSnZ6WThwVnJlRGtZaW9IOGFqRw?oc=5\" target=\"_blank\" rel=\"nofollow noopener\">Ap\u00f3s quase uma d\u00e9cada, Luiza Brunet entra em nova disputa judicial contra ex-marido<\/a>&nbsp;&nbsp;Jornal Correio<\/li>\n<li><a href=\"https:\/\/news.google.com\/rss\/articles\/CBMivAFBVV95cUxObGhYd2xwM3VBUXVTNGNpbVZmbWlMVlJoc0xkRVh2Ui1LN2hUNjgyWmVxX3BtSXMzRFBwZzcyTTZaX2R4aEVvNGNpTFk0OXZHSUNKeVlienFBa2tZMlFIeDV3RE1oZ3F5Z3c0ckNNQnIyZWpiZ1ZleDFjU1FvZlJvWGZ5a0lleDB6ejQtTE0wb3FWY1ZQNDFIdF94MVBvTTM0OEI2TDU0WDdkMkp0TEY3cmZrZS1NVjRXdHVqYQ?oc=5\" target=\"_blank\" rel=\"nofollow noopener\">Processo de Luiza Brunet contra Lirio Parisotto tem reviravolta na Justi\u00e7a<\/a>&nbsp;&nbsp;Portal do Holanda<\/li>\n<\/ol>\n","protected":false},"excerpt":{"rendered":"Luiza Brunet entra com laudo na Justi\u00e7a e pede R$ 1 milh\u00e3o&nbsp;&nbsp;MidiaNews Luiza Brunet entra com laudo na&hellip;\n","protected":false},"author":2,"featured_media":49047,"comment_status":"","ping_status":"","sticky":false,"template":"","format":"standard","meta":{"footnotes":""},"categories":[145],"tags":[211,210,114,115,3724,3723,32,33,3725],"class_list":{"0":"post-49046","1":"post","2":"type-post","3":"status-publish","4":"format-standard","5":"has-post-thumbnail","7":"category-celebridades","8":"tag-celebridades","9":"tag-celebrities","10":"tag-entertainment","11":"tag-entretenimento","12":"tag-noticias-da-capital","13":"tag-noticias-de-cuiaba","14":"tag-portugal","15":"tag-pt","16":"tag-urgente-cuiaba"},"share_on_mastodon":{"url":"","error":""},"_links":{"self":[{"href":"https:\/\/www.europesays.com\/pt\/wp-json\/wp\/v2\/posts\/49046","targetHints":{"allow":["GET"]}}],"collection":[{"href":"https:\/\/www.europesays.com\/pt\/wp-json\/wp\/v2\/posts"}],"about":[{"href":"https:\/\/www.europesays.com\/pt\/wp-json\/wp\/v2\/types\/post"}],"author":[{"embeddable":true,"href":"https:\/\/www.europesays.com\/pt\/wp-json\/wp\/v2\/users\/2"}],"replies":[{"embeddable":true,"href":"https:\/\/www.europesays.com\/pt\/wp-json\/wp\/v2\/comments?post=49046"}],"version-history":[{"count":0,"href":"https:\/\/www.europesays.com\/pt\/wp-json\/wp\/v2\/posts\/49046\/revisions"}],"wp:featuredmedia":[{"embeddable":true,"href":"https:\/\/www.europesays.com\/pt\/wp-json\/wp\/v2\/media\/49047"}],"wp:attachment":[{"href":"https:\/\/www.europesays.com\/pt\/wp-json\/wp\/v2\/media?parent=49046"}],"wp:term":[{"taxonomy":"category","embeddable":true,"href":"https:\/\/www.europesays.com\/pt\/wp-json\/wp\/v2\/categories?post=49046"},{"taxonomy":"post_tag","embeddable":true,"href":"https:\/\/www.europesays.com\/pt\/wp-json\/wp\/v2\/tags?post=49046"}],"curies":[{"name":"wp","href":"https:\/\/api.w.org\/{rel}","templated":true}]}}