{"id":490759,"date":"2026-08-18T02:02:15","date_gmt":"2026-08-18T02:02:15","guid":{"rendered":"https:\/\/www.europesays.com\/pt\/490759\/"},"modified":"2026-08-18T02:02:15","modified_gmt":"2026-08-18T02:02:15","slug":"por-voce-tem-um-pe-em-vai-na-fe-e-outro-em-maneco-17-08-2026-thiago-stivaletti","status":"publish","type":"post","link":"https:\/\/www.europesays.com\/pt\/490759\/","title":{"rendered":"&#8216;Por Voc\u00ea&#8217; tem um p\u00e9 em &#8216;Vai na F\u00e9&#8217; e outro em Maneco &#8211; 17\/08\/2026 &#8211; Thiago Stivaletti"},"content":{"rendered":"<p>Por alguns segundos na primeira cena de &#8220;<a href=\"https:\/\/www1.folha.uol.com.br\/folha-topicos\/por-voce\/\" rel=\"nofollow noopener\" target=\"_blank\">Por Voc\u00ea<\/a>&#8220;, a nova <a href=\"https:\/\/www1.folha.uol.com.br\/folha-topicos\/novela\/\" rel=\"nofollow noopener\" target=\"_blank\">novela<\/a> das sete que estreou nesta segunda-feira (17) na <a href=\"https:\/\/www1.folha.uol.com.br\/folha-topicos\/globo\/\" rel=\"nofollow noopener\" target=\"_blank\">Globo<\/a>, poder\u00edamos pensar que ir\u00edamos ver mais uma reprise de &#8220;<a href=\"https:\/\/www1.folha.uol.com.br\/fsp\/ilustrad\/fq151010.htm\" rel=\"nofollow noopener\" target=\"\">Por Amor<\/a>&#8221; (1997), de <a href=\"https:\/\/www1.folha.uol.com.br\/folha-topicos\/manoel-carlos\/\" rel=\"nofollow noopener\" target=\"_blank\">Manoel Carlos<\/a>.<\/p>\n<p>  <a href=\"https:\/\/f5.folha.uol.com.br\/colunistas\/thiagostivaletti\/\" rel=\"nofollow noopener\" target=\"_blank\"><br \/>\n    <img decoding=\"async\" src=\"https:\/\/www.europesays.com\/pt\/wp-content\/uploads\/2026\/08\/1787018535_552_171986525566830fa7f3371_1719865255_1x1_xs.jpg\" alt=\"Foto de Thiago Stivaletti\" class=\"img-responsive c-lazyload\"\/><\/p>\n<p>  <\/a><\/p>\n<p class=\"author__description\">\n    Thiago Stivaletti \u00e9 jornalista e cr\u00edtico de cinema, TV e streaming. Foi rep\u00f3rter na Folha de S.Paulo e colunista do UOL. Como roteirista, escreveu para o V\u00eddeo Show (Globo) e o TVZ (Multishow)\n  <\/p>\n","protected":false},"excerpt":{"rendered":"Por alguns segundos na primeira cena de &#8220;Por Voc\u00ea&#8220;, a nova novela das sete que estreou nesta segunda-feira&hellip;\n","protected":false},"author":2,"featured_media":490760,"comment_status":"","ping_status":"","sticky":false,"template":"","format":"standard","meta":{"footnotes":"","_share_on_mastodon":"0"},"categories":[142],"tags":[219,211,223,114,115,224,225,226,753,221,220,222,2931,65176,32,33,2566,218,228,151,227],"class_list":["post-490759","post","type-post","status-publish","format-standard","has-post-thumbnail","category-tv","tag-bichos","tag-celebridades","tag-colunistas","tag-entertainment","tag-entretenimento","tag-estranho","tag-eu-amo","tag-fofices","tag-globo","tag-horoscopo","tag-humanos","tag-humor","tag-novela","tag-por-voc","tag-portugal","tag-pt","tag-televiso","tag-televisao","tag-tudo","tag-tv","tag-videos"],"share_on_mastodon":{"url":"https:\/\/pubeurope.com\/@pt\/117114054649883291","error":""},"_links":{"self":[{"href":"https:\/\/www.europesays.com\/pt\/wp-json\/wp\/v2\/posts\/490759","targetHints":{"allow":["GET"]}}],"collection":[{"href":"https:\/\/www.europesays.com\/pt\/wp-json\/wp\/v2\/posts"}],"about":[{"href":"https:\/\/www.europesays.com\/pt\/wp-json\/wp\/v2\/types\/post"}],"author":[{"embeddable":true,"href":"https:\/\/www.europesays.com\/pt\/wp-json\/wp\/v2\/users\/2"}],"replies":[{"embeddable":true,"href":"https:\/\/www.europesays.com\/pt\/wp-json\/wp\/v2\/comments?post=490759"}],"version-history":[{"count":0,"href":"https:\/\/www.europesays.com\/pt\/wp-json\/wp\/v2\/posts\/490759\/revisions"}],"wp:featuredmedia":[{"embeddable":true,"href":"https:\/\/www.europesays.com\/pt\/wp-json\/wp\/v2\/media\/490760"}],"wp:attachment":[{"href":"https:\/\/www.europesays.com\/pt\/wp-json\/wp\/v2\/media?parent=490759"}],"wp:term":[{"taxonomy":"category","embeddable":true,"href":"https:\/\/www.europesays.com\/pt\/wp-json\/wp\/v2\/categories?post=490759"},{"taxonomy":"post_tag","embeddable":true,"href":"https:\/\/www.europesays.com\/pt\/wp-json\/wp\/v2\/tags?post=490759"}],"curies":[{"name":"wp","href":"https:\/\/api.w.org\/{rel}","templated":true}]}}