{"id":491043,"date":"2026-08-18T10:01:29","date_gmt":"2026-08-18T10:01:29","guid":{"rendered":"https:\/\/www.europesays.com\/pt\/491043\/"},"modified":"2026-08-18T10:01:29","modified_gmt":"2026-08-18T10:01:29","slug":"e-mae-de-duas-figuras-marcantes-da-tvi-e-faz-hoje-anos-adivinha-quem-e-esta-senhora-big-brother-verao-2026-ultimas-noticias-videos-e-diretos","status":"publish","type":"post","link":"https:\/\/www.europesays.com\/pt\/491043\/","title":{"rendered":"\u00c9 m\u00e3e de duas figuras marcantes da TVI e faz hoje anos: Adivinha quem \u00e9 esta senhora? &#8211; Big Brother Ver\u00e3o 2026: \u00daltimas Not\u00edcias, V\u00eddeos e Diretos"},"content":{"rendered":"<p>H\u00e1 rostos que dispensam apresenta\u00e7\u00f5es, mas h\u00e1 tamb\u00e9m quem esteja por detr\u00e1s deles e tenha conquistado um lugar muito especial no cora\u00e7\u00e3o de dois nomes conhecidos dos portugueses.<\/p>\n<p>Esta segunda-feira, 17 de agosto, \u00e9 dia de festa para uma conhecida matriarca. O motivo? Celebra mais um anivers\u00e1rio e recebeu uma declara\u00e7\u00e3o p\u00fablica de amor de um dos filhos, atrav\u00e9s das redes sociais.<\/p>\n<p>Na fotografia partilhada, surge sorridente, num registo pouco habitual que rapidamente chamou a aten\u00e7\u00e3o dos seguidores. Na legenda, poucas palavras disseram tudo: <strong>\u201cA M\u00e3e faz anos\u201d<\/strong>. Mas afinal, quem \u00e9 esta senhora?<\/p>\n<blockquote class=\"instagram-media\" data-instgrm-captioned=\"\" data-instgrm-permalink=\"https:\/\/www.instagram.com\/p\/DcIkEpnp4GP\/?utm_source=ig_embed&amp;utm_campaign=loading\" data-instgrm-version=\"14\" style=\" background:#FFF; border:0; border-radius:3px; box-shadow:0 0 1px 0 rgba(0,0,0,0.5),0 1px 10px 0 rgba(0,0,0,0.15); margin: 1px; max-width:540px; min-width:326px; padding:0; width:99.375%; width:-webkit-calc(100% - 2px); width:calc(100% - 2px);\">\n<\/blockquote>\n<p>\u00a0<\/p>\n<p>\u00c9 m\u00e3e de <strong>dois irm\u00e3os que t\u00eam hist\u00f3rias bem conhecidas ligadas \u00e0 televis\u00e3o portuguesa<\/strong>. Um deles tornou-se um dos rostos mais reconhecidos da TVI, <a href=\"https:\/\/tvi.iol.pt\/bigbrother\/video\/claudio-ramos-sobre-cristina-ferreira-diz-que-o-joao-nao-lhe-veio-trazer-felicidade-ela-ja-a-tinha\/6a7d94920cf2f6a1a1e73d7d\" rel=\"nofollow noopener\" target=\"_blank\">destacando-se como apresentador e antigo comentador.<\/a> O outro ganhou notoriedade ao participar e vencer dois reality-shows.<\/p>\n<p>Falamos, claro, de <strong>Cl\u00e1udio Ramos e Lu\u00eds Nascimento<\/strong>. A matriarca chama-se <strong>Maria Marcelina e a\u00a0<\/strong>sua liga\u00e7\u00e3o aos dois filhos j\u00e1 proporcionou alguns momentos de grande emo\u00e7\u00e3o na televis\u00e3o. Recentemente, deixou uma mensagem especial ao filho Lu\u00eds <a href=\"https:\/\/tvi.iol.pt\/bigbrother\/claudio-ramos\/luis-nascimento\/irmao-de-claudio-ramos-e-surpreendido-em-direto-pela-mae-o-momento-deixa-qualquer-um-de-lagrima-no-olho\" rel=\"nofollow noopener\" target=\"_blank\">durante uma conversa entre ele e o irm\u00e3o Cl\u00e1udio Ramos<\/a>, no &#8216;Dois \u00e0s 10&#8217;.\u00a0<\/p>\n<p>Agora, \u00e9 novamente Cl\u00e1udio quem faz quest\u00e3o de assinalar uma data especial. Sem grandes discursos, mas com uma fotografia e uma frase simples, o apresentador deixou uma homenagem \u00e0 mulher que est\u00e1 na origem de uma fam\u00edlia com dois nomes bem conhecidos da televis\u00e3o portuguesa.<\/p>\n<p><strong>J\u00e1 tinha adivinhado quem era? Feliz anivers\u00e1rio, Maria Marcelina!<\/strong><\/p>\n<p>                        <script async src=\"\/\/www.instagram.com\/embed.js\"><\/script><\/p>\n","protected":false},"excerpt":{"rendered":"H\u00e1 rostos que dispensam apresenta\u00e7\u00f5es, mas h\u00e1 tamb\u00e9m quem esteja por detr\u00e1s deles e tenha conquistado um lugar&hellip;\n","protected":false},"author":2,"featured_media":491044,"comment_status":"","ping_status":"","sticky":false,"template":"","format":"standard","meta":{"footnotes":"","_share_on_mastodon":"0"},"categories":[85],"tags":[331,48,329,333,328,335,336,114,115,334,332,330,29715,8204,338,78490,13,32,33,162,227],"class_list":["post-491043","post","type-post","status-publish","format-standard","has-post-thumbnail","category-entretenimento","tag-big","tag-big-brother","tag-claudio-ramos","tag-comentadores","tag-concorrentes","tag-confrontos","tag-discussoes","tag-entertainment","tag-entretenimento","tag-exclusivos","tag-expulso","tag-gala","tag-luis-nascimento","tag-mae","tag-maria-botelho-moniz","tag-maria-marcelina","tag-noticias","tag-portugal","tag-pt","tag-tvi","tag-videos"],"share_on_mastodon":{"url":"https:\/\/pubeurope.com\/@pt\/117115937563857032","error":""},"_links":{"self":[{"href":"https:\/\/www.europesays.com\/pt\/wp-json\/wp\/v2\/posts\/491043","targetHints":{"allow":["GET"]}}],"collection":[{"href":"https:\/\/www.europesays.com\/pt\/wp-json\/wp\/v2\/posts"}],"about":[{"href":"https:\/\/www.europesays.com\/pt\/wp-json\/wp\/v2\/types\/post"}],"author":[{"embeddable":true,"href":"https:\/\/www.europesays.com\/pt\/wp-json\/wp\/v2\/users\/2"}],"replies":[{"embeddable":true,"href":"https:\/\/www.europesays.com\/pt\/wp-json\/wp\/v2\/comments?post=491043"}],"version-history":[{"count":0,"href":"https:\/\/www.europesays.com\/pt\/wp-json\/wp\/v2\/posts\/491043\/revisions"}],"wp:featuredmedia":[{"embeddable":true,"href":"https:\/\/www.europesays.com\/pt\/wp-json\/wp\/v2\/media\/491044"}],"wp:attachment":[{"href":"https:\/\/www.europesays.com\/pt\/wp-json\/wp\/v2\/media?parent=491043"}],"wp:term":[{"taxonomy":"category","embeddable":true,"href":"https:\/\/www.europesays.com\/pt\/wp-json\/wp\/v2\/categories?post=491043"},{"taxonomy":"post_tag","embeddable":true,"href":"https:\/\/www.europesays.com\/pt\/wp-json\/wp\/v2\/tags?post=491043"}],"curies":[{"name":"wp","href":"https:\/\/api.w.org\/{rel}","templated":true}]}}