{"id":491115,"date":"2026-08-18T11:35:15","date_gmt":"2026-08-18T11:35:15","guid":{"rendered":"https:\/\/www.europesays.com\/pt\/491115\/"},"modified":"2026-08-18T11:35:15","modified_gmt":"2026-08-18T11:35:15","slug":"turim-casal-percorre-100km-com-filho-morto-no-banco-de-tras-observador","status":"publish","type":"post","link":"https:\/\/www.europesays.com\/pt\/491115\/","title":{"rendered":"Turim. Casal percorre 100km com filho morto no banco de tr\u00e1s \u2013 Observador"},"content":{"rendered":"<p>Um casal percorreu cerca de 100 quil\u00f3metros numa autoestrada italiana sem perceber que o filho, de 31 anos, tinha morrido no banco de tr\u00e1s. De acordo com o <a href=\"https:\/\/milano.corriere.it\/notizie\/cronaca\/26_agosto_16\/voghera-viaggiano-per-100-chilometri-con-il-figlio-morto-in-auto-senza-accorgersene-pensavamo-che-dormisse-a8012b91-438e-4859-a970-f6dbc1705xlk.shtml?landing=https%3A%2F%2Fmilano.corriere.it%2Fnotizie%2Fcronaca%2F26_agosto_16%2Fvoghera-viaggiano-per-100-chilometri-con-il-figlio-morto-in-auto-senza-accorgersene-pensavamo-che-dormisse-a8012b91-438e-4859-a970-f6dbc1705xlk.shtml?landing=https%3A%2F%2Fmilano.corriere.it%2Fnotizie%2Fcronaca%2F26_agosto_16%2Fvoghera-viaggiano-per-100-chilometri-con-il-figlio-morto-in-auto-senza-accorgersene-pensavamo-che-dormisse-a8012b91-438e-4859-a970-f6dbc1705xlk.shtml%3Flanding%3Dhttps%253A%252F%252Fmilano.corriere.it%252Fnotizie%252Fcronaca%252F26_agosto_16%252Fvoghera-viaggiano-per-100-chilometri-con-il-figlio-morto-in-auto-senza-accorgersene-pensavamo-che-dormisse-a8012b91-438e-4859-a970-f6dbc1705xlk.shtml\" rel=\"nofollow noopener\" target=\"_blank\">Corriere della Sera<\/a>, os pais acreditavam que o homem estava a dormir quando, j\u00e1 depois de terem parado, perceberam que n\u00e3o tinha pulso.<\/p>\n<p>O caso aconteceu este domingo, por volta das 7h30 locais, na autoestrada A21, entre Turim e Piacenza, na regi\u00e3o de Pavia. A fam\u00edlia, de <strong>origem romena<\/strong>, seguia em dire\u00e7\u00e3o a Turim para visitar a fam\u00edlia e amigos.<\/p>\n<p>Durante uma parte significativa do percurso, o homem esteve im\u00f3vel, mas <strong>os pais n\u00e3o estranharam o comportamento por acreditarem que estava a descansar<\/strong>. S\u00f3 quando o chamaram e n\u00e3o obtiveram resposta \u00e9 que decidiram verificar o seu estado.<\/p>\n<p>Como nota o <a href=\"https:\/\/www.ilmessaggero.it\/italia\/figlio_morto_auto_non_se_ne_accorgono_cosa_e_successo_davvero-9710218.html\" rel=\"nofollow noopener\" target=\"_blank\">Il Messaggero<\/a>, o casal parou numa \u00e1rea de servi\u00e7o e, ao tocar no filho, percebeu que tinha perdido os sentidos e n\u00e3o apresentava sinais vitais. Chamaram os servi\u00e7os de emerg\u00eancia m\u00e9dica, mas, quando os bombeiros chegaram, j\u00e1 n\u00e3o foi poss\u00edvel reanimar o homem, <strong>tendo o \u00f3bito sido declarado no local<\/strong>.<\/p>\n<p>De acordo com os pais, o filho tinha falado pela \u00faltima vez cerca de 100 quil\u00f3metros antes. \u201cEle estava tranquilo, n\u00e3o ouvimos nada que nos pudesse fazer suspeitar de algo\u201d, afirmaram \u00e0 pol\u00edcia, segundo o Il Messaggero.<\/p>\n<p>O filho tinha <strong>problemas card\u00edacos<\/strong> e a principal hip\u00f3tese avan\u00e7ada pelas autoridades italianas \u00e9 a de que tenha sofrido um ataque card\u00edaco durante o sono. A causa da morte s\u00f3 dever\u00e1 ser conhecida ap\u00f3s a realiza\u00e7\u00e3o da aut\u00f3psia, prevista para os pr\u00f3ximos dias.<\/p>\n<p><strong>[Ap\u00f3s horas de persegui\u00e7\u00e3o, falsas paragens e tentativas de fuga, Frederico Carvalh\u00e3o Gil chega finalmente ao insuspeito Caf\u00e9 Number One, em Roma. A toupeira do SIS est\u00e1 novamente cara a cara com o espi\u00e3o russo Sergey Pozdnyakov \u2014 desta vez sob o olhar atento de quase tr\u00eas dezenas de inspetores portugueses e italianos. A ordem para avan\u00e7ar s\u00f3 chega depois de os dois agentes fazerem uma troca. Mas apesar das provas, Carvalh\u00e3o Gil vai negar todas as acusa\u00e7\u00f5es. J\u00e1 est\u00e1 dispon\u00edvel o <a href=\"https:\/\/observador.pt\/programas\/a-vida-dupla-do-espio-traidor\/episodio-4-perseguicao-em-roma\/\" rel=\"nofollow noopener\" target=\"_blank\">quarto epis\u00f3dio<\/a> do novo Podcast Plus \u201cA Vida Dupla do Espi\u00e3o Traidor\u201d. Pode ouvir no <a href=\"https:\/\/observador.pt\/programas\/a-vida-dupla-do-espio-traidor\/episodio-4-perseguicao-em-roma\/\" rel=\"nofollow noopener\" target=\"_blank\">site do Observador<\/a>, no Apple Podcasts, no<a href=\"https:\/\/open.spotify.com\/episode\/32KSak6PDD3qTxKUf9sBr1?si=3ZjP2oWjTd-bV7wJjiTzbA\" rel=\"nofollow noopener\" target=\"_blank\"> Spotify<\/a> e no<a href=\"https:\/\/www.youtube.com\/watch?v=i2FvaOkGS4w\" rel=\"nofollow noopener\" target=\"_blank\"> YouTube<\/a>.]<\/strong><\/p>\n<p><a href=\"https:\/\/observador.pt\/programas\/a-vida-dupla-do-espio-traidor\/episodio-4-perseguicao-em-roma\/\" rel=\"nofollow noopener\" target=\"_blank\"><\/p>\n<p>        <img src=\"https:\/\/www.europesays.com\/pt\/wp-content\/uploads\/2026\/08\/1787052915_109_770-a-vida-dupla-do-espiao-traidor-iconplay.png\" alt=\"\" loading=\"lazy\" decoding=\"async\" class=\"alignnone\" onload=\"this.parentElement.classList.remove('spinner')\" onerror=\"this.parentElement.classList.remove('spinner')\" width=\"770\" height=\"433\"\/>    <\/p>\n<p><\/a><\/p>\n","protected":false},"excerpt":{"rendered":"Um casal percorreu cerca de 100 quil\u00f3metros numa autoestrada italiana sem perceber que o filho, de 31 anos,&hellip;\n","protected":false},"author":2,"featured_media":491116,"comment_status":"","ping_status":"","sticky":false,"template":"","format":"standard","meta":{"footnotes":"","_share_on_mastodon":"0"},"categories":[50],"tags":[59,27,28,445,15,16,14,4506,25,26,21,22,62,12,13,19,20,23,24,58,17,18,2303,29,30,31,63,64,65],"class_list":["post-491115","post","type-post","status-publish","format-standard","has-post-thumbnail","category-mundo","tag-acidente","tag-breaking-news","tag-breakingnews","tag-europa","tag-featured-news","tag-featurednews","tag-headlines","tag-itu00e1lia","tag-latest-news","tag-latestnews","tag-main-news","tag-mainnews","tag-mundo","tag-news","tag-noticias","tag-noticias-principais","tag-noticiasprincipais","tag-principais-noticias","tag-principaisnoticias","tag-sociedade","tag-top-stories","tag-topstories","tag-u00d3bito","tag-ultimas","tag-ultimas-noticias","tag-ultimasnoticias","tag-world","tag-world-news","tag-worldnews"],"share_on_mastodon":{"url":"https:\/\/pubeurope.com\/@pt\/117116307220134282","error":""},"_links":{"self":[{"href":"https:\/\/www.europesays.com\/pt\/wp-json\/wp\/v2\/posts\/491115","targetHints":{"allow":["GET"]}}],"collection":[{"href":"https:\/\/www.europesays.com\/pt\/wp-json\/wp\/v2\/posts"}],"about":[{"href":"https:\/\/www.europesays.com\/pt\/wp-json\/wp\/v2\/types\/post"}],"author":[{"embeddable":true,"href":"https:\/\/www.europesays.com\/pt\/wp-json\/wp\/v2\/users\/2"}],"replies":[{"embeddable":true,"href":"https:\/\/www.europesays.com\/pt\/wp-json\/wp\/v2\/comments?post=491115"}],"version-history":[{"count":0,"href":"https:\/\/www.europesays.com\/pt\/wp-json\/wp\/v2\/posts\/491115\/revisions"}],"wp:featuredmedia":[{"embeddable":true,"href":"https:\/\/www.europesays.com\/pt\/wp-json\/wp\/v2\/media\/491116"}],"wp:attachment":[{"href":"https:\/\/www.europesays.com\/pt\/wp-json\/wp\/v2\/media?parent=491115"}],"wp:term":[{"taxonomy":"category","embeddable":true,"href":"https:\/\/www.europesays.com\/pt\/wp-json\/wp\/v2\/categories?post=491115"},{"taxonomy":"post_tag","embeddable":true,"href":"https:\/\/www.europesays.com\/pt\/wp-json\/wp\/v2\/tags?post=491115"}],"curies":[{"name":"wp","href":"https:\/\/api.w.org\/{rel}","templated":true}]}}