{"id":49118,"date":"2025-08-28T19:59:28","date_gmt":"2025-08-28T19:59:28","guid":{"rendered":"https:\/\/www.europesays.com\/pt\/49118\/"},"modified":"2025-08-28T19:59:28","modified_gmt":"2025-08-28T19:59:28","slug":"lider-dos-eua-e-um-ativo-russo-as-palavras-de-marcelo-sobre-trump","status":"publish","type":"post","link":"https:\/\/www.europesays.com\/pt\/49118\/","title":{"rendered":"L\u00edder dos EUA &#8220;\u00e9 um ativo russo&#8221;: as palavras de Marcelo sobre Trump"},"content":{"rendered":"<p>          <img decoding=\"async\" class=\"c-ad__placeholder__logo\" src=\"https:\/\/static.euronews.com\/website\/images\/logos\/logo-euronews-stacked-outlined-72x72-grey-9.svg\" width=\"72\" height=\"72\" alt=\"\" loading=\"lazy\"\/><br \/>\n          PUBLICIDADE<\/p>\n<p>&#8220;O l\u00edder m\u00e1ximo da maior superpot\u00eancia do mundo, <strong>objetivamente, \u00e9 um ativo sovi\u00e9tico, ou russo.&#8221;<\/strong> Foram estas as palavras proferidas, na quarta-feira, pelo Presidente da Rep\u00fablica, Marcelo Rebelo de Sousa, sobre o hom\u00f3logo norte-americano, Donald Trump, que tem vindo a tentar estabelecer-se como o principal mediador da guerra em curso entre a R\u00fassia e a Ucr\u00e2nia.<\/p>\n<p>Apesar destes esfor\u00e7os por parte de Washington, o chefe de Estado portugu\u00eas considerou \u2013 em declara\u00e7\u00f5es no \u00e2mbito da Universidade de Ver\u00e3o do PSD, uma iniciativa anual destinada aos jovens quadros do partido, transmitidas pela <a href=\"https:\/\/cnnportugal.iol.pt\/guerra\/ucrania\/marcelo-aponta-a-trump-o-lider-maximo-da-maior-superpotencia-do-mundo-e-um-ativo-russo\/20250827\/68af46d0d34e3f0baea20e59\" target=\"_blank\" rel=\"noreferrer nofollow noopener\"><strong>CNN Portugal<\/strong><\/a> \u2013 que a gest\u00e3o desta crise, por parte de Trump, n\u00e3o tem sido ben\u00e9fica para a Ucr\u00e2nia. &#8220;Em termos objetivos, <strong>a nova lideran\u00e7a norte-americana tem favorecido, estrategicamente, a Federa\u00e7\u00e3o Russa&#8221;<\/strong>, afirmou Marcelo Rebelo de Sousa, em Castelo de Vide. <\/p>\n<p>Exemplo disso, elaborou, \u00e9 o facto de surgirem, numa base di\u00e1ria, &#8220;amea\u00e7as terr\u00edveis&#8221; por parte dos Estados Unidos no sentido da &#8220;aplica\u00e7\u00e3o de san\u00e7\u00f5es&#8221; a Moscovo. Mas sem que, at\u00e9 ao momento, qualquer dessas promessas se tenha concretizado, sob a governa\u00e7\u00e3o do novo l\u00edder norte-americano. <\/p>\n<p>Al\u00e9m disso, segundo noticiou a ag\u00eancia Lusa, o Presidente da Rep\u00fablica apontou tamb\u00e9m, referindo-se ainda ao conflito no Leste Europeu, que Donald Trump est\u00e1 a tentar desempenhar o papel de um \u00e1rbitro que apenas tem inten\u00e7\u00f5es de negociar &#8220;com uma das equipas&#8221;, com Kiev e os Estados europeus a precisarem de se &#8220;impingir&#8221; de modo a terem uma participa\u00e7\u00e3o efetiva nas \u00faltimas negocia\u00e7\u00f5es.<\/p>\n<p>Mas, na \u00f3tica de Marcelo Rebelo de Sousa, tudo isto s\u00f3 tem acontecido porque &#8220;a Europa minimizou o senhor Trump e o Trumpismo&#8221;, bem como a &#8220;hip\u00f3tese de, de repente, haver uma nova balan\u00e7a de poderes&#8221;, na sequ\u00eancia das \u00faltimas elei\u00e7\u00f5es nos Estados Unidos.<\/p>\n<p>De recordar que, nas \u00faltimas semanas, <strong>Donald Trump tem refor\u00e7ado o seu esfor\u00e7o diplom\u00e1tico<\/strong> no sentido de colocar um ponto final no conflito que dura j\u00e1 h\u00e1 mais de tr\u00eas anos.<\/p>\n<p>Nesse \u00e2mbito, convidou o hom\u00f3logo russo, Vladimir Putin, para uma reuni\u00e3o presencial, no Alasca, ap\u00f3s a qual o presidente norte-americano afirmou que as negocia\u00e7\u00f5es sobre um poss\u00edvel cessar-fogo foram postas de lado de modo a favorecer a possibilidade de estabelecimento de um acordo de paz total, de forma c\u00e9lere.<\/p>\n<p>Mas, <a href=\"https:\/\/pt.euronews.com\/2025\/08\/18\/trump-admite-fornecer-garantias-de-seguranca-a-ucrania\" rel=\"nofollow noopener\" target=\"_blank\"><strong>tal como reportado anteriormente pela Euronews<\/strong><\/a>, tal posi\u00e7\u00e3o fez crescer as preocupa\u00e7\u00f5es face \u00e0s concess\u00f5es que estariam a ser feitas a Moscovo. Nomeadamente no que toca \u00e0 eventual ced\u00eancia, por parte de Kiev, do controlo total sobre as regi\u00f5es ucranianas de Donetsk, Lugansk, Zapor\u00edjia e Kherson, mas tamb\u00e9m sobre a Crimeia, anexada pela R\u00fassia.<\/p>\n<p>No entanto, j\u00e1 depois disso, Donald Trump convidou v\u00e1rios l\u00edderes europeus para uma reuni\u00e3o na Casa Branca, que tamb\u00e9m contou com a presen\u00e7a do presidente da Ucr\u00e2nia, Volodymyr Zelenskyy, e que resultou numa <a href=\"https:\/\/pt.euronews.com\/my-europe\/2025\/08\/19\/lideres-europeus-mostram-otimismo-cauteloso-apos-conversacoes-na-casa-branca-com-zelenskyy\" rel=\"nofollow noopener\" target=\"_blank\"><strong>frente unida no que diz respeito \u00e0s garantias de seguran\u00e7a exigidas por Kiev<\/strong><\/a>, com o compromisso da lideran\u00e7a americana.<\/p>\n","protected":false},"excerpt":{"rendered":"PUBLICIDADE &#8220;O l\u00edder m\u00e1ximo da maior superpot\u00eancia do mundo, objetivamente, \u00e9 um ativo sovi\u00e9tico, ou russo.&#8221; Foram estas&hellip;\n","protected":false},"author":2,"featured_media":49119,"comment_status":"","ping_status":"","sticky":false,"template":"","format":"standard","meta":{"footnotes":""},"categories":[10],"tags":[27,28,92,7618,15,16,889,14,25,26,21,22,588,12,13,19,20,14538,32,23,24,33,17,18,29,30,31],"class_list":{"0":"post-49118","1":"post","2":"type-post","3":"status-publish","4":"format-standard","5":"has-post-thumbnail","7":"category-portugal","8":"tag-breaking-news","9":"tag-breakingnews","10":"tag-donald-trump","11":"tag-estados-unidos-da-america","12":"tag-featured-news","13":"tag-featurednews","14":"tag-guerra-na-ucrania","15":"tag-headlines","16":"tag-latest-news","17":"tag-latestnews","18":"tag-main-news","19":"tag-mainnews","20":"tag-marcelo-rebelo-de-sousa","21":"tag-news","22":"tag-noticias","23":"tag-noticias-principais","24":"tag-noticiasprincipais","25":"tag-politica-portuguesa","26":"tag-portugal","27":"tag-principais-noticias","28":"tag-principaisnoticias","29":"tag-pt","30":"tag-top-stories","31":"tag-topstories","32":"tag-ultimas","33":"tag-ultimas-noticias","34":"tag-ultimasnoticias"},"share_on_mastodon":{"url":"","error":""},"_links":{"self":[{"href":"https:\/\/www.europesays.com\/pt\/wp-json\/wp\/v2\/posts\/49118","targetHints":{"allow":["GET"]}}],"collection":[{"href":"https:\/\/www.europesays.com\/pt\/wp-json\/wp\/v2\/posts"}],"about":[{"href":"https:\/\/www.europesays.com\/pt\/wp-json\/wp\/v2\/types\/post"}],"author":[{"embeddable":true,"href":"https:\/\/www.europesays.com\/pt\/wp-json\/wp\/v2\/users\/2"}],"replies":[{"embeddable":true,"href":"https:\/\/www.europesays.com\/pt\/wp-json\/wp\/v2\/comments?post=49118"}],"version-history":[{"count":0,"href":"https:\/\/www.europesays.com\/pt\/wp-json\/wp\/v2\/posts\/49118\/revisions"}],"wp:featuredmedia":[{"embeddable":true,"href":"https:\/\/www.europesays.com\/pt\/wp-json\/wp\/v2\/media\/49119"}],"wp:attachment":[{"href":"https:\/\/www.europesays.com\/pt\/wp-json\/wp\/v2\/media?parent=49118"}],"wp:term":[{"taxonomy":"category","embeddable":true,"href":"https:\/\/www.europesays.com\/pt\/wp-json\/wp\/v2\/categories?post=49118"},{"taxonomy":"post_tag","embeddable":true,"href":"https:\/\/www.europesays.com\/pt\/wp-json\/wp\/v2\/tags?post=49118"}],"curies":[{"name":"wp","href":"https:\/\/api.w.org\/{rel}","templated":true}]}}