{"id":491215,"date":"2026-08-18T13:08:25","date_gmt":"2026-08-18T13:08:25","guid":{"rendered":"https:\/\/www.europesays.com\/pt\/491215\/"},"modified":"2026-08-18T13:08:25","modified_gmt":"2026-08-18T13:08:25","slug":"pai-passa-noite-inteira-no-mar-com-filhos-de-5-e-7-anos-depois-de-mota-de-agua-se-ter-virado-noticias-de-hoje","status":"publish","type":"post","link":"https:\/\/www.europesays.com\/pt\/491215\/","title":{"rendered":"Pai passa noite inteira no mar com filhos de 5 e 7 anos depois de mota de \u00e1gua se ter virado | Not\u00edcias de hoje"},"content":{"rendered":"<p>Uma fam\u00edlia francesa viveu momentos de grande afli\u00e7\u00e3o durante umas f\u00e9rias na Tail\u00e2ndia, depois de a mota de \u00e1gua em que seguia ter virado. O pai, de 50 anos, e os dois filhos, de cinco e sete anos, passaram <strong>mais de 16 horas \u00e0 deriva no mar<\/strong> antes de serem encontrados pelas equipas de resgate, como avan\u00e7a o site <a href=\"https:\/\/www.france24.com\/en\/asia-pacific\/20260815-french-father-and-two-children-rescued-after-16-hours-adrift-off-thai-island\" rel=\"noopener noreferrer nofollow\" target=\"_blank\">France 24.<\/a><\/p>\n<p>Os tr\u00eas foram transportados para o hospital para serem observados depois da longa noite no mar, mas acabaram por receber alta pouco depois. <strong>&#8220;Encontr\u00e1mo-los exaustos depois de engolirem muita \u00e1gua do mar. Estavam p\u00e1lidos, sobretudo os rapazes&#8221;<\/strong>, disse um dos respons\u00e1veis locais \u00e0 AFP, citado pelo France 24.<\/p>\n<p><strong>Mota de \u00e1gua desapareceu durante a noite<\/strong><\/p>\n<p>O pai tinha alugado a mota de \u00e1gua ao final do dia na zona tur\u00edstica. Era expect\u00e1vel um passeio de uma hora, mas o homem e as crian\u00e7as n\u00e3o regressaram no final desse tempo. E foi esse atraso que motivou que fossem contactados os servi\u00e7os de emerg\u00eancia, que encetaram uma opera\u00e7\u00e3o de buscas, como relata ainda o <a href=\"https:\/\/www.france24.com\/en\/asia-pacific\/20260815-french-father-and-two-children-rescued-after-16-hours-adrift-off-thai-island\" rel=\"noopener noreferrer nofollow\" target=\"_blank\">France 24.<\/a><\/p>\n<p>A fam\u00edlia s\u00f3 foi localizada pelas 10h00 de sexta-feira, depois de ter passado a noite no mar.<\/p>\n<p><strong>Investiga\u00e7\u00e3o tenta perceber porque virou a mota de \u00e1gua<\/strong><\/p>\n<p>As autoridades est\u00e3o agora a tentar perceber o que levou a mota de \u00e1gua a virar. O pai garantiu que tinha experi\u00eancia na condu\u00e7\u00e3o deste tipo de ve\u00edculo. Felizmente, todos tinham coletes salva-vidas.<\/p>\n","protected":false},"excerpt":{"rendered":"Uma fam\u00edlia francesa viveu momentos de grande afli\u00e7\u00e3o durante umas f\u00e9rias na Tail\u00e2ndia, depois de a mota de&hellip;\n","protected":false},"author":2,"featured_media":491216,"comment_status":"","ping_status":"","sticky":false,"template":"","format":"standard","meta":{"footnotes":"","_share_on_mastodon":"0"},"categories":[50],"tags":[27,28,15,16,14,488,25,26,21,22,62,2758,12,13,19,20,80,23,24,17,18,29,30,31,63,64,65],"class_list":["post-491215","post","type-post","status-publish","format-standard","has-post-thumbnail","category-mundo","tag-breaking-news","tag-breakingnews","tag-featured-news","tag-featurednews","tag-headlines","tag-iol","tag-latest-news","tag-latestnews","tag-main-news","tag-mainnews","tag-mundo","tag-naufragio","tag-news","tag-noticias","tag-noticias-principais","tag-noticiasprincipais","tag-praia","tag-principais-noticias","tag-principaisnoticias","tag-top-stories","tag-topstories","tag-ultimas","tag-ultimas-noticias","tag-ultimasnoticias","tag-world","tag-world-news","tag-worldnews"],"share_on_mastodon":{"url":"https:\/\/pubeurope.com\/@pt\/117116672979958597","error":""},"_links":{"self":[{"href":"https:\/\/www.europesays.com\/pt\/wp-json\/wp\/v2\/posts\/491215","targetHints":{"allow":["GET"]}}],"collection":[{"href":"https:\/\/www.europesays.com\/pt\/wp-json\/wp\/v2\/posts"}],"about":[{"href":"https:\/\/www.europesays.com\/pt\/wp-json\/wp\/v2\/types\/post"}],"author":[{"embeddable":true,"href":"https:\/\/www.europesays.com\/pt\/wp-json\/wp\/v2\/users\/2"}],"replies":[{"embeddable":true,"href":"https:\/\/www.europesays.com\/pt\/wp-json\/wp\/v2\/comments?post=491215"}],"version-history":[{"count":0,"href":"https:\/\/www.europesays.com\/pt\/wp-json\/wp\/v2\/posts\/491215\/revisions"}],"wp:featuredmedia":[{"embeddable":true,"href":"https:\/\/www.europesays.com\/pt\/wp-json\/wp\/v2\/media\/491216"}],"wp:attachment":[{"href":"https:\/\/www.europesays.com\/pt\/wp-json\/wp\/v2\/media?parent=491215"}],"wp:term":[{"taxonomy":"category","embeddable":true,"href":"https:\/\/www.europesays.com\/pt\/wp-json\/wp\/v2\/categories?post=491215"},{"taxonomy":"post_tag","embeddable":true,"href":"https:\/\/www.europesays.com\/pt\/wp-json\/wp\/v2\/tags?post=491215"}],"curies":[{"name":"wp","href":"https:\/\/api.w.org\/{rel}","templated":true}]}}