{"id":491267,"date":"2026-08-18T13:51:25","date_gmt":"2026-08-18T13:51:25","guid":{"rendered":"https:\/\/www.europesays.com\/pt\/491267\/"},"modified":"2026-08-18T13:51:25","modified_gmt":"2026-08-18T13:51:25","slug":"morreram-mathilde-favier-e-nicolas-altmayer-observador","status":"publish","type":"post","link":"https:\/\/www.europesays.com\/pt\/491267\/","title":{"rendered":"Morreram Mathilde Favier e Nicolas Altmayer \u2013 Observador"},"content":{"rendered":"<p>Morreu aos 57 anos Mathilde Favier, a diretora de Rela\u00e7\u00f5es P\u00fablicas da Dior, <a href=\"https:\/\/www.instagram.com\/p\/DcLgE6UIk9S\/?hl=en\" target=\"_blank\" rel=\"noopener nofollow\">confirmou a maison num comunicado oficial, <\/a>e o marido, Nicolas Altmayer, produtor de cinema de 61 anos. O casal morreu num acidente de carro em Deux-S\u00e8vres na passada segunda-feira, 17 de agosto.<\/p>\n<p>De acordo com o <a href=\"https:\/\/www.ouest-france.fr\/faits-divers\/accidents\/un-producteur-de-cinema-et-une-figure-de-dior-perdent-la-vie-dans-un-accident-de-la-route-en-deux-sevres-44f36206-9ae5-11f1-a150-d338aff2f727\" target=\"_blank\" rel=\"noopener nofollow\">jornal Ouest France<\/a>, o acidente aconteceu por volta das 16h na regi\u00e3o de Airvault, a cerca de 350 quil\u00f3metros de Paris, no sudoeste de Fran\u00e7a, onde Mathilde tinha casa. <a href=\"https:\/\/www.sudouest.fr\/faits-divers\/deux-personnalites-de-la-mode-et-du-cinema-decedees-dans-un-accident-de-la-circulation-dans-les-deux-sevres-30294607.php\" target=\"_blank\" rel=\"noopener nofollow\">O jornal Sud Ouest<\/a> relata que o ve\u00edculo em que estavam \u201ccolidiu com um cami\u00e3o que vinha na dire\u00e7\u00e3o oposta, enquanto ultrapassavam outro ve\u00edculo\u201d, explica o promotor adjunto de Niort, Nicolas Leclainche, que abriu um inqu\u00e9rito para apurar as circunst\u00e2ncias exatas do ocorrido. <a href=\"https:\/\/www.lefigaro.fr\/cinema\/nicolas-altmayer-producteur-d-oss-117-et-une-figure-de-dior-mathilde-favier-sont-morts-dans-un-accident-de-la-route-20260818\" target=\"_blank\" rel=\"noopener nofollow\">De acordo com o Le Figaro<\/a>, o embate entre o ve\u00edculo da marca Mini com o cami\u00e3o ocorreu numa pista com tr\u00eas vias.<\/p>\n<p>\u201cMathilde amava a vida com paix\u00e3o. Com a morte de Mathilde, a Dior perde uma profissional incr\u00edvel, e eu perco uma amiga leal. O seu otimismo e coragem eram admir\u00e1veis. Sentiremos muita falta do seu sorriso e do seu talento. Estou profundamente triste hoje; os meus pensamentos est\u00e3o com os seus filhos, sua m\u00e3e, suas irm\u00e3s, sua fam\u00edlia, seus muitos amigos e sua equipa, que ela tanto amava\u201d, disse Delphine Arnault, CEO da Dior.<\/p>\n<p>\u201cFiquei profundamente triste ao saber do falecimento tr\u00e1gico e repentino de Mathilde Favier, que dedicou tantos anos a colocar a sua paix\u00e3o, energia e talento ao servi\u00e7o da Maison Dior\u201d, disse tamb\u00e9m Bernard Arnault, presidente e diretor executivo da LVMH, empresa controladora da Dior, em declara\u00e7\u00e3o publicada na conta oficial da Dior no Instagram. \u201cOs meus mais sinceros sentimentos \u00e0 sua fam\u00edlia e entes queridos.\u201d<\/p>\n<p>\u201cEstou com o cora\u00e7\u00e3o partido com o falecimento de Mathilde Favier. Todos n\u00f3s devemos muito ao seu trabalho e dedica\u00e7\u00e3o. Ela trazia tanta simpatia e energia, e era a pessoa mais positiva e inspiradora que j\u00e1 conheci. Mathilde era a pr\u00f3pria personifica\u00e7\u00e3o da eleg\u00e2ncia e, de muitas maneiras, o esp\u00edrito da alta-costura\u201d, disse tamb\u00e9m o diretor criativo da maison, Jonathan Anderson.<\/p>\n<p>Mathilde Favier come\u00e7ou a estagiar na Chanel aos 14 anos com Karl Lagerfeld para depois integrar a equipa da revista de moda Glamour. Mais tarde ainda passou pela Prada antes de assumir como rela\u00e7\u00f5es p\u00fablicas na Dior. H\u00e1 mais de dez anos Mathilde Favier era a respons\u00e1vel m\u00e1xima pelas rela\u00e7\u00f5es p\u00fablicas da Dior, gerindo um c\u00edrculo que se enchia de embaixadores e celebridades da sua chamada A List, onde se encontram os nomes dos mais cobi\u00e7ados. Foi quem permitiu looks ic\u00f3nicos como Taylor Swift em tartan na cerim\u00f3nia dos MTV Music Awards, Lady Gaga no festival de Veneza, C\u00e9line Dion na abertura dos Jogos Ol\u00edmpicos de Paris ou os visuais da tour Lux, de Rosal\u00eda.<\/p>\n<p>S\u00f3 lhe faltava o telefone do Papa, <a href=\"https:\/\/observador.pt\/2024\/10\/05\/a-rp-que-gere-a-galaxia-de-estrelas-dior-e-o-numero-que-falta-no-seu-telefone-o-papa-adorava-enviar-lhe-uma-sms-para-tomarmos-cha\/\" target=\"_blank\" rel=\"noopener nofollow\">confessou em entrevista ao Observador em 2024<\/a>, a prop\u00f3sito do lan\u00e7amento do seu livro de lifestyle. A rela\u00e7\u00f5es p\u00fablicas tamb\u00e9m tinha uma rela\u00e7\u00e3o pr\u00f3xima com Portugal, tendo <a href=\"https:\/\/www.instagram.com\/p\/CswSfV2oAsx\/?utm_source=ig_embed&amp;ig_rid=AVGv7cU3qOClgqhhjLDLTHP\" target=\"_blank\" rel=\"noopener nofollow\">passagens frequentes pela Comporta<\/a>. Teve dois filhos, H\u00e9lo\u00efse e Carlo, do seu primeiro casamento com o financeiro e empres\u00e1rio Robert Agostinelli. A sua \u00faltima partilha nas redes sociais foi uma galeria de fotografias das f\u00e9rias em fam\u00edlia no litoral franc\u00eas.<\/p>\n<p>Nicolas Altmayer era pai de quatro filhos e dirigia uma produtora com o seu irm\u00e3o, \u00c9ric Altmayer. O empres\u00e1rio financiou filmes como Agente 117 e Brice de Nice, do realizador franc\u00eas Fran\u00e7ois Ozon ou a biografia Saint Laurent, de Bertrand Bonello, que representou a Fran\u00e7a no Oscar em 2015.<\/p>\n<p>            <script async src=\"\/\/www.instagram.com\/embed.js\"><\/script><\/p>\n","protected":false},"excerpt":{"rendered":"Morreu aos 57 anos Mathilde Favier, a diretora de Rela\u00e7\u00f5es P\u00fablicas da Dior, confirmou a maison num comunicado&hellip;\n","protected":false},"author":2,"featured_media":491268,"comment_status":"","ping_status":"","sticky":false,"template":"","format":"standard","meta":{"footnotes":"","_share_on_mastodon":"0"},"categories":[85],"tags":[211,114,115,445,2104,186,1079,62,32,33],"class_list":["post-491267","post","type-post","status-publish","format-standard","has-post-thumbnail","category-entretenimento","tag-celebridades","tag-entertainment","tag-entretenimento","tag-europa","tag-franu00e7a","tag-lifestyle","tag-moda","tag-mundo","tag-portugal","tag-pt"],"share_on_mastodon":{"url":"https:\/\/pubeurope.com\/@pt\/117116842041600208","error":""},"_links":{"self":[{"href":"https:\/\/www.europesays.com\/pt\/wp-json\/wp\/v2\/posts\/491267","targetHints":{"allow":["GET"]}}],"collection":[{"href":"https:\/\/www.europesays.com\/pt\/wp-json\/wp\/v2\/posts"}],"about":[{"href":"https:\/\/www.europesays.com\/pt\/wp-json\/wp\/v2\/types\/post"}],"author":[{"embeddable":true,"href":"https:\/\/www.europesays.com\/pt\/wp-json\/wp\/v2\/users\/2"}],"replies":[{"embeddable":true,"href":"https:\/\/www.europesays.com\/pt\/wp-json\/wp\/v2\/comments?post=491267"}],"version-history":[{"count":0,"href":"https:\/\/www.europesays.com\/pt\/wp-json\/wp\/v2\/posts\/491267\/revisions"}],"wp:featuredmedia":[{"embeddable":true,"href":"https:\/\/www.europesays.com\/pt\/wp-json\/wp\/v2\/media\/491268"}],"wp:attachment":[{"href":"https:\/\/www.europesays.com\/pt\/wp-json\/wp\/v2\/media?parent=491267"}],"wp:term":[{"taxonomy":"category","embeddable":true,"href":"https:\/\/www.europesays.com\/pt\/wp-json\/wp\/v2\/categories?post=491267"},{"taxonomy":"post_tag","embeddable":true,"href":"https:\/\/www.europesays.com\/pt\/wp-json\/wp\/v2\/tags?post=491267"}],"curies":[{"name":"wp","href":"https:\/\/api.w.org\/{rel}","templated":true}]}}