{"id":491333,"date":"2026-08-18T14:48:15","date_gmt":"2026-08-18T14:48:15","guid":{"rendered":"https:\/\/www.europesays.com\/pt\/491333\/"},"modified":"2026-08-18T14:48:15","modified_gmt":"2026-08-18T14:48:15","slug":"o-que-o-virus-da-raiva-pode-fazer-com-o-nosso-corpo-veja-grafico","status":"publish","type":"post","link":"https:\/\/www.europesays.com\/pt\/491333\/","title":{"rendered":"O que o v\u00edrus da raiva pode fazer com o nosso corpo? Veja gr\u00e1fico"},"content":{"rendered":"<p>\n                Ler Resumo<\/p>\n<ul class=\"resume-list\" id=\"resume-list\" aria-hidden=\"true\">\n<li class=\"section-item section-intro\">\n<p>Introdu\u00e7\u00e3o<\/p>\n<p>A raiva \u00e9 uma doen\u00e7a viral letal transmitida a mam\u00edferos, incluindo humanos, principalmente por mordidas de animais infectados. O v\u00edrus se replica localmente e migra para o sistema nervoso central, causando encefalite e sintomas graves. A vacina\u00e7\u00e3o p\u00f3s-exposi\u00e7\u00e3o \u00e9 essencial, e h\u00e1 tamb\u00e9m profilaxia para grupos de risco.<\/p>\n<\/li>\n<li class=\"section-item section-topicos\">\n<ul>\n<li>Transmiss\u00e3o da raiva por mordida, lambida ou arranh\u00e3o de animal infectado.<\/li>\n<li>Ciclo de incuba\u00e7\u00e3o do v\u00edrus e sua progress\u00e3o no sistema nervoso.<\/li>\n<li>Manifesta\u00e7\u00f5es cl\u00ednicas da doen\u00e7a, incluindo as formas furiosa e paral\u00edtica.<\/li>\n<li>Protocolos de vacina\u00e7\u00e3o antirr\u00e1bica e o uso de soro ou imunoglobulina.<\/li>\n<li>A relev\u00e2ncia da vacina\u00e7\u00e3o preventiva para animais dom\u00e9sticos.<\/li>\n<\/ul>\n<\/li>\n<li class=\"section-item section-info\">\n<p style=\"margin: 0;\">Este resumo foi \u00fatil?<\/p>\n<p>\n                            \ud83d\udc4d<br \/>\ud83d\udc4e\n                        <\/p>\n<p>                    Resumo gerado por ferramenta de IA treinada pela reda\u00e7\u00e3o da Editora Abril.\n                <\/p>\n<\/li>\n<\/ul>\n<p data-start=\"0\" data-end=\"329\" data-is-last-node=\"\" data-is-only-node=\"\">A <a href=\"https:\/\/saude.abril.com.br\/tudo-sobre\/raiva-humaa\" rel=\"nofollow noopener\" target=\"_blank\">raiva<\/a> \u00e9 uma das doen\u00e7as infecciosas <strong>mais antigas<\/strong> e <strong>letais<\/strong> conhecidas \u2014 depois que os sintomas aparecem, a taxa de mortalidade se aproxima de <strong>100%<\/strong>.<\/p>\n<p data-start=\"0\" data-end=\"329\" data-is-last-node=\"\" data-is-only-node=\"\">Mas, apesar da gravidade, a doen\u00e7a pode ser evitada e, por isso, entender como o <a href=\"https:\/\/saude.abril.com.br\/tudo-sobre\/virus\" rel=\"nofollow noopener\" target=\"_blank\">v\u00edrus<\/a> entra no organismo e avan\u00e7a pelo sistema nervoso ajuda a explicar por que a preven\u00e7\u00e3o \u00e9 t\u00e3o importante.<\/p>\n<p data-start=\"0\" data-end=\"329\" data-is-last-node=\"\" data-is-only-node=\"\">Confira como esse pat\u00f3geno viaja pelo organismo e o que ele faz quando chega ao corpo humano:<\/p>\n<p>    Continua ap\u00f3s a publicidade<\/p>\n<p data-start=\"0\" data-end=\"329\" data-is-last-node=\"\" data-is-only-node=\"\"><strong>+Leia tamb\u00e9m:\u00a0<a href=\"https:\/\/saude.abril.com.br\/coluna\/com-a-palavra\/raiva-prevencao-doenca-transmitida-animais\/\" rel=\"nofollow noopener\" target=\"_blank\">Dia Mundial Contra a Raiva: o que voc\u00ea precisa saber sobre a doen\u00e7a mortal<\/a><\/strong><\/p>\n<p>1. A transmiss\u00e3o<\/p>\n<p>O v\u00edrus da raiva, que s\u00f3 afeta <strong>mam\u00edferos<\/strong>, incluindo o homem, pertence ao g\u00eanero Lyssavirus, da fam\u00edlia Rhabdoviridae, e \u00e9 transmitido por <strong>mordida<\/strong>, <strong>lambida<\/strong> ou <strong>arranh\u00e3o<\/strong> de um <a href=\"https:\/\/saude.abril.com.br\/coluna\/com-a-palavra\/zoonoses-o-que-sao-e-por-que-prevenir-e-investir-no-futuro\/\" rel=\"nofollow noopener\" target=\"_blank\">animal<\/a> infectado.<\/p>\n<p>    Continua ap\u00f3s a publicidade<\/p>\n<p>No Brasil, <strong>c\u00e3es e gatos<\/strong> s\u00e3o os principais respons\u00e1veis pela dissemina\u00e7\u00e3o na \u00e1rea urbana, enquanto na rural os <strong>morcegos<\/strong> s\u00e3o transmissores preponderantes.<\/p>\n<p>O v\u00edrus \u00e9 transferido no momento em que a <strong>saliva do animal<\/strong> entra em contato com a <strong>pele lesionada<\/strong>.<\/p>\n<p>2. A incuba\u00e7\u00e3o e o bote<\/p>\n<p>Numa primeira etapa, ele se aloja e se replica nos <a href=\"https:\/\/saude.abril.com.br\/fitness\/musculo-e-vida-agora-ele-e-considerado-um-orgao-decisivo-para-a-longevidade\/\" rel=\"nofollow noopener\" target=\"_blank\">m\u00fasculos<\/a>e tecidos do <strong>local do ataque<\/strong>, ainda sem dar sinais do problema.<\/p>\n<p>Essa fase assintom\u00e1tica leva em m\u00e9dia<strong> 45 dias<\/strong>, a depender do local do cont\u00e1gio: quanto mais perto da <strong>cabe\u00e7a<\/strong>, mais rapidamente os danos aparecem.<\/p>\n<p>Ent\u00e3o, utilizando receptores concentrados na <strong>jun\u00e7\u00e3o neuromuscular,<\/strong> um ponto de encontro entre o nervo motor e a fibra muscular, o v\u00edrus alcan\u00e7a os nervos perif\u00e9ricos e invade o sistema nervoso.<\/p>\n<p>    Continua ap\u00f3s a publicidade<\/p>\n<p>3. O ataque letal<\/p>\n<p>Ao se propagar, o v\u00edrus chega \u00e0 <strong>medula<\/strong> e viaja em dire\u00e7\u00e3o ao <a href=\"https:\/\/saude.abril.com.br\/tudo-sobre\/cerebro\" rel=\"nofollow noopener\" target=\"_blank\">c\u00e9rebro<\/a>, momento em que surgem sintomas gen\u00e9ricos, como <strong>febre<\/strong>,<a href=\"https:\/\/saude.abril.com.br\/medicina\/neurologista-explica-principais-causas-da-dor-de-cabeca-constante-e-quando-acender-o-alerta\/\" rel=\"nofollow noopener\" target=\"_blank\"> dor de cabe\u00e7a<\/a>,<strong> mal-estar<\/strong>, <strong>coceira<\/strong> ou <strong>ard\u00eancia no local da les\u00e3o<\/strong>.<\/p>\n<p>Em alguns dias, a doen\u00e7a progride para uma <a href=\"https:\/\/saude.abril.com.br\/medicina\/encefalite-conheca-sintomas-e-causas-da-inflamacao-no-cerebro\/\" rel=\"nofollow noopener\" target=\"_blank\">encefalite<\/a> grave e a morte.<\/p>\n<p>Na forma furiosa, a inflama\u00e7\u00e3o causa <strong>alucina\u00e7\u00f5es<\/strong>, agressividade e saliva\u00e7\u00e3o excessiva, al\u00e9m de<strong> espasmos intensos<\/strong> ao ver ou tentar beber \u00e1gua. Na forma paral\u00edtica, provoca <strong>travamento dos m\u00fasculos<\/strong>.<\/p>\n<p><strong>+Leia tamb\u00e9m:\u00a0<a href=\"https:\/\/saude.abril.com.br\/vida-animal\/mordida-de-cachorro-primeiros-socorros-e-cuidados-indispensaveis\/\" rel=\"nofollow noopener\" target=\"_blank\">Mordida de cachorro: primeiros socorros e cuidados indispens\u00e1veis<\/a><\/strong><\/p>\n<p>    Continua ap\u00f3s a publicidade<\/p>\n<p>    <img loading=\"lazy\" decoding=\"async\" alt=\"Infogr\u00e1fico detalhando a progress\u00e3o do v\u00edrus da raiva no corpo humano. Um cachorro infectado morde um bra\u00e7o, liberando o v\u00edrus que se replica no tecido muscular e nervos perif\u00e9ricos. O v\u00edrus viaja pela medula espinhal at\u00e9 o c\u00e9rebro, causando encefalite, febre, dor de cabe\u00e7a e mal-estar, al\u00e9m de travamento dos m\u00fasculos\" class=\"wp-image-179597 size-full\" src=\"https:\/\/www.europesays.com\/pt\/wp-content\/uploads\/2026\/08\/530-sqs-raiva-info.png\" border=\"0\" title=\"530-sqs-raiva-info\" width=\"1024\" height=\"928\" data-restrict=\"false\" data-portal-copyright=\"Ilustra\u00e7\u00e3o: Rodrigo Damati\" data-image-caption=\"Entenda como o v\u00edrus da raiva percorre pelo organismo.\" data-image-title=\"\" data-image-source=\"Veja Sa\u00fade\"\/><br \/>\n     Entenda como o v\u00edrus da raiva percorre pelo organismo. (Ilustra\u00e7\u00e3o: Rodrigo Damati\/Veja Sa\u00fade)<\/p>\n<p>Muito al\u00e9m de c\u00e3es e gatos<\/p>\n<p>No ambiente rural, a raiva atinge bovinos, equinos e su\u00ednos, provocando agressividade. No silvestre, afeta <a href=\"https:\/\/saude.abril.com.br\/medicina\/mordida-de-macaco-pode-matar-entenda-caso-envolvendo-atriz-turca\/\" rel=\"nofollow noopener\" target=\"_blank\">macacos<\/a> e capivaras, entre outros, causando paralisia progressiva.<\/p>\n<p>J\u00e1 pelos ares, os principais transmissores s\u00e3o os <a href=\"https:\/\/saude.abril.com.br\/vida-animal\/caso-de-raiva-em-gato-na-grande-sp-chama-atencao-para-risco-da-doenca\/\" rel=\"nofollow noopener\" target=\"_blank\">morcegos<\/a>, que passam a apresentar comportamento anormal, como <strong>voos diurnos<\/strong>.<\/p>\n<p>Como se proteger com vacinas<\/p>\n<p>A condi\u00e7\u00e3o do animal agressor guia a profilaxia. <strong>P\u00f3s-exposi\u00e7\u00e3o<\/strong>, a vacina \u00e9 administrada em <strong>quatro doses<\/strong>, a fim de estimular a produ\u00e7\u00e3o de anticorpos.<\/p>\n<p>Para quem trabalha sob maior risco, caso de <strong>veterin\u00e1rios<\/strong>, \u00e9 usada preventivamente em duas doses, com monitoramento anual para checar se precisa de refor\u00e7o.<\/p>\n<p>    Continua ap\u00f3s a publicidade<\/p>\n<p>E quando s\u00e3o usados soro ou imunoglobulina?<\/p>\n<p>O primeiro \u00e9 preparado a partir de<strong> plasma de equinos <\/strong>hiperimunizados contra raiva. J\u00e1 a imunoglobulina \u00e9 extra\u00edda do <strong>sangue de pessoas vacinadas<\/strong>.<\/p>\n<p>Entram no esquema levando-se em conta, al\u00e9m do estado do animal, o<strong> lugar e a extens\u00e3o das les\u00f5es<\/strong>. S\u00e3o aplicados no ferimento, como <strong>complemento \u00e0 vacina<\/strong>.<\/p>\n<p>Agosto \u00e9 o m\u00eas do cachorro louco?<\/p>\n<p>Relacionada \u00e0 agressividade dos c\u00e3es no per\u00edodo reprodutivo, a express\u00e3o \u00e9 um lembrete para a <a href=\"https:\/\/saude.abril.com.br\/coluna\/virosfera\/raiva-todo-mes-pode-ser-o-mes-do-cachorro-louco\/\" rel=\"nofollow noopener\" target=\"_blank\">vacina\u00e7\u00e3o antirr\u00e1bica<\/a> anual dos animais.<\/p>\n<p>*Fonte: Paulo Eduardo Brand\u00e3o, virologista e professor do Departamento de Medicina Veterin\u00e1ria Preventiva e Sa\u00fade Animal da Faculdade de Medicina Veterin\u00e1ria da Universidade de S\u00e3o Paulo (USP)<\/p>\n","protected":false},"excerpt":{"rendered":"Ler Resumo Introdu\u00e7\u00e3o A raiva \u00e9 uma doen\u00e7a viral letal transmitida a mam\u00edferos, incluindo humanos, principalmente por mordidas&hellip;\n","protected":false},"author":2,"featured_media":491334,"comment_status":"","ping_status":"","sticky":false,"template":"","format":"standard","meta":{"footnotes":"","_share_on_mastodon":"0"},"categories":[86],"tags":[78521,116,32,33,78522,117,1893],"class_list":["post-491333","post","type-post","status-publish","format-standard","has-post-thumbnail","category-saude","tag-animais-em-geral","tag-health","tag-portugal","tag-pt","tag-raiva-humana","tag-saude","tag-virus"],"share_on_mastodon":{"url":"https:\/\/pubeurope.com\/@pt\/117117066642933852","error":""},"_links":{"self":[{"href":"https:\/\/www.europesays.com\/pt\/wp-json\/wp\/v2\/posts\/491333","targetHints":{"allow":["GET"]}}],"collection":[{"href":"https:\/\/www.europesays.com\/pt\/wp-json\/wp\/v2\/posts"}],"about":[{"href":"https:\/\/www.europesays.com\/pt\/wp-json\/wp\/v2\/types\/post"}],"author":[{"embeddable":true,"href":"https:\/\/www.europesays.com\/pt\/wp-json\/wp\/v2\/users\/2"}],"replies":[{"embeddable":true,"href":"https:\/\/www.europesays.com\/pt\/wp-json\/wp\/v2\/comments?post=491333"}],"version-history":[{"count":0,"href":"https:\/\/www.europesays.com\/pt\/wp-json\/wp\/v2\/posts\/491333\/revisions"}],"wp:featuredmedia":[{"embeddable":true,"href":"https:\/\/www.europesays.com\/pt\/wp-json\/wp\/v2\/media\/491334"}],"wp:attachment":[{"href":"https:\/\/www.europesays.com\/pt\/wp-json\/wp\/v2\/media?parent=491333"}],"wp:term":[{"taxonomy":"category","embeddable":true,"href":"https:\/\/www.europesays.com\/pt\/wp-json\/wp\/v2\/categories?post=491333"},{"taxonomy":"post_tag","embeddable":true,"href":"https:\/\/www.europesays.com\/pt\/wp-json\/wp\/v2\/tags?post=491333"}],"curies":[{"name":"wp","href":"https:\/\/api.w.org\/{rel}","templated":true}]}}