{"id":491369,"date":"2026-08-18T15:20:11","date_gmt":"2026-08-18T15:20:11","guid":{"rendered":"https:\/\/www.europesays.com\/pt\/491369\/"},"modified":"2026-08-18T15:20:11","modified_gmt":"2026-08-18T15:20:11","slug":"ofical-mourinho-apresentado-no-real-madrid-dois-meses-depois-do-anuncio","status":"publish","type":"post","link":"https:\/\/www.europesays.com\/pt\/491369\/","title":{"rendered":"OFICAL: Mourinho apresentado no Real Madrid dois meses depois do an\u00fancio"},"content":{"rendered":"<p>Jos\u00e9 Mourinho foi finalmente apresentado como treinador do Real Madrid, com contrato at\u00e9 2029. Dois meses depois de ter sido <a href=\"https:\/\/maisfutebol.iol.pt\/espanha\/internacional\/oficial-jose-mourinho-e-o-novo-treinador-do-real-madrid\" rel=\"nofollow noopener\" target=\"_blank\">anunciado como novo t\u00e9cnico<\/a>, foi s\u00f3 nesta ter\u00e7a-feira que o portugu\u00eas teve uma apresenta\u00e7\u00e3o oficial.<\/p>\n<p>\u00abSou um de voc\u00eas. N\u00e3o apenas hoje, desde que cheguei em 2010 e mesmo depois de 2013. Tenho a mem\u00f3ria incr\u00edvel em Wembley quando ganh\u00e1mos a final da Champions. Pelo carinho que demonstraram por mim, sou claramente um de voc\u00eas\u00bb, referiu aos canais de comunica\u00e7\u00e3o do clube.\u00a0<\/p>\n<p>Num evento apenas partilhado na Real Madrid TV, \u00e9 poss\u00edvel ver Mourinho a referir \u00abde volta a casa\u00bb. Entretanto, o Real Madrid j\u00e1 arrancou a temporada h\u00e1 varias semanas, tendo a estreia na Liga espanhola apontada j\u00e1 para este fim de semana, frente ao Espanhol.<\/p>\n<p>\u00abTem um lado, obviamente, emocional, afetivo, \u00e9 como voltar a casa. Emocionalmente, \u00e9 mais bonito do que da primeira vez, porque nessa ocasi\u00e3o era o sentimento de chegar ao topo da carreira de treinador e, agora, tem este lado mais emocional\u00bb, confessou.<\/p>\n<p>Desde a chegada do portugu\u00eas, os merengues estiveram muito ativos no mercado: chegaram nomes como Bernardo Silva, Yan Diomande, Cucurella, Dumfries e Konat\u00e9.<\/p>\n<p>Mourinho prepara-se para arrancar uma nova temporada ao leme do Real Madrid, j\u00e1 depois de ter orientado o clube entre 2010 e 2013. Por fim, destacou a \u00abresponsabilidade\u00bb que \u00e9 regressar a uma casa que bem conhece.<\/p>\n<p>\u00abAgora que estou de volta com esta responsabilidade, podem imaginar o que significa para mim trabalhar para o Real Madrid e este \u00e9 um princ\u00edpio que todos em Valdebebas seguem, que todos n\u00f3s sentimos\u00bb, concluiu.<\/p>\n<blockquote class=\"twitter-tweet\">\n<p lang=\"es\">Acto de presentaci\u00f3n de Mourinho.<\/p>\n<p> \u2014 Real Madrid C.F. (@realmadrid)<br \/>\n  <a href=\"https:\/\/x.com\/realmadrid\/status\/2089683742482714886?ref_src=twsrc%5Etfw\" rel=\"nofollow\">August 18, 2026<\/a>\n <\/p><\/blockquote>\n","protected":false},"excerpt":{"rendered":"Jos\u00e9 Mourinho foi finalmente apresentado como treinador do Real Madrid, com contrato at\u00e9 2029. Dois meses depois de&hellip;\n","protected":false},"author":2,"featured_media":491370,"comment_status":"","ping_status":"","sticky":false,"template":"","format":"standard","meta":{"footnotes":"","_share_on_mastodon":"0"},"categories":[87],"tags":[425,135,640,82,1385,436,46,40,42,41,729,32,33,47,2007,134,2710],"class_list":["post-491369","post","type-post","status-publish","format-standard","has-post-thumbnail","category-desporto","tag-apresentacao","tag-desporto","tag-espanha","tag-internacional","tag-jose-mourinho","tag-made-in","tag-maisfutebol","tag-maistransferencias","tag-mercado","tag-mercado-de-transferencias","tag-oficial","tag-portugal","tag-pt","tag-pura-paixao","tag-real-madrid","tag-sports","tag-treinador"],"share_on_mastodon":{"url":"https:\/\/pubeurope.com\/@pt\/117117192095813438","error":""},"_links":{"self":[{"href":"https:\/\/www.europesays.com\/pt\/wp-json\/wp\/v2\/posts\/491369","targetHints":{"allow":["GET"]}}],"collection":[{"href":"https:\/\/www.europesays.com\/pt\/wp-json\/wp\/v2\/posts"}],"about":[{"href":"https:\/\/www.europesays.com\/pt\/wp-json\/wp\/v2\/types\/post"}],"author":[{"embeddable":true,"href":"https:\/\/www.europesays.com\/pt\/wp-json\/wp\/v2\/users\/2"}],"replies":[{"embeddable":true,"href":"https:\/\/www.europesays.com\/pt\/wp-json\/wp\/v2\/comments?post=491369"}],"version-history":[{"count":0,"href":"https:\/\/www.europesays.com\/pt\/wp-json\/wp\/v2\/posts\/491369\/revisions"}],"wp:featuredmedia":[{"embeddable":true,"href":"https:\/\/www.europesays.com\/pt\/wp-json\/wp\/v2\/media\/491370"}],"wp:attachment":[{"href":"https:\/\/www.europesays.com\/pt\/wp-json\/wp\/v2\/media?parent=491369"}],"wp:term":[{"taxonomy":"category","embeddable":true,"href":"https:\/\/www.europesays.com\/pt\/wp-json\/wp\/v2\/categories?post=491369"},{"taxonomy":"post_tag","embeddable":true,"href":"https:\/\/www.europesays.com\/pt\/wp-json\/wp\/v2\/tags?post=491369"}],"curies":[{"name":"wp","href":"https:\/\/api.w.org\/{rel}","templated":true}]}}