{"id":491427,"date":"2026-08-18T16:30:12","date_gmt":"2026-08-18T16:30:12","guid":{"rendered":"https:\/\/www.europesays.com\/pt\/491427\/"},"modified":"2026-08-18T16:30:12","modified_gmt":"2026-08-18T16:30:12","slug":"um-airtag-escondido-num-livro-revelou-um-segredo-da-amazon","status":"publish","type":"post","link":"https:\/\/www.europesays.com\/pt\/491427\/","title":{"rendered":"Um AirTag escondido num livro revelou um segredo da Amazon"},"content":{"rendered":"<p>Um jornalista escondeu um AirTag da Apple dentro de um livro raro para descobrir o destino das encomendas em massa de livros usados feitas pela Amazon.<\/p>\n<p><a target=\"_blank\" href=\"https:\/\/pplware.sapo.pt\/wp-content\/uploads\/2026\/04\/airtage2_firmware00.webp\" rel=\"nofollow noopener\"><img fetchpriority=\"high\" decoding=\"async\" src=\"https:\/\/www.europesays.com\/pt\/wp-content\/uploads\/2026\/08\/airtage2_firmware00-720x405.webp\" alt=\"\" width=\"720\" height=\"405\" class=\"aligncenter size-medium wp-image-1112378\"  \/><\/a>\n<\/p>\n<p>Avan\u00e7ada pela <a target=\"_blank\" href=\"https:\/\/www.404media.co\/we-tracked-a-shipment-of-rare-books-it-ended-at-an-amazon-ai-training-facility\/\" rel=\"nofollow noopener\">404 Media<\/a>, uma investiga\u00e7\u00e3o recente tem como protagonista o jornalista <strong>Emanuel Maiberg<\/strong>, cofundador da publica\u00e7\u00e3o.<\/p>\n<p>Depois de <strong>detetar um aumento invulgar de encomendas de livros<\/strong> em grandes quantidades, por compradores que n\u00e3o regateavam pre\u00e7os, o que \u00e9 raro neste mercado, Maiberg decidiu ir mais fundo.<\/p>\n<p>Atrav\u00e9s da plataforma <strong>Biblio<\/strong>, um vendedor recebeu um pedido de cerca de mil livros e aceitou <strong>colocar discretamente um AirTag num deles<\/strong>, fornecido pelo pr\u00f3prio jornalista. O nome do vendedor foi mantido em anonimato, por receio de repres\u00e1lias comerciais.<\/p>\n<p>O <strong>percurso do livro<\/strong> foi o seguinte: saiu de um aeroporto na Calif\u00f3rnia rumo a Milwaukee, passou duas semanas num armaz\u00e9m de distribui\u00e7\u00e3o perto de Kenosha, no estado do Wisconsin, seguiu de cami\u00e3o at\u00e9 ao Colorado, e <strong>terminou num armaz\u00e9m da Amazon em Las Vegas<\/strong>, conhecido como LAS8.<\/p>\n<p><a target=\"_blank\" href=\"https:\/\/pplware.sapo.pt\/wp-content\/uploads\/2026\/08\/armazem-amazon.jpg\" onclick=\"refreshIframe()\" class=\"foobox\" rel=\"nofollow noopener\"><img loading=\"lazy\" decoding=\"async\" src=\"https:\/\/www.europesays.com\/pt\/wp-content\/uploads\/2026\/08\/armazem-amazon-720x405.jpg\" alt=\"Armaz\u00e9m da Amazon\" width=\"720\" height=\"405\" class=\"aligncenter wp-image-1136075 size-medium\"  \/><\/a><\/p>\n<p>O que se passa dentro do armaz\u00e9m da Amazon<\/p>\n<p>\u00c0 partida, o destino n\u00e3o fazia sentido, pois o <strong>LAS8 \u00e9 uma unidade de impress\u00e3o sob encomenda<\/strong>, onde a Amazon imprime e envia livros \u00e0 medida que s\u00e3o pedidos.<\/p>\n<p>Contudo, o sinal do AirTag apontava para uma zona espec\u00edfica do edif\u00edcio, identificada por funcion\u00e1rios da Amazon como uma <strong>opera\u00e7\u00e3o distinta<\/strong>, com o nome de c\u00f3digo VGT3.<\/p>\n<p>\u00c0 entrada, um log\u00f3tipo com um T-Rex a segurar um livro aberto. Segundo relatos de trabalhadores num f\u00f3rum interno, <strong>uns cortam as lombadas dos livros, outros ficam encarregues de digitalizar os c\u00f3digos de barras<\/strong>.<\/p>\n<p>Curiosamente, os vendedores contactados pelo jornalista notaram que <strong>os exemplares mais raros<\/strong>, os anteriores \u00e0 exist\u00eancia do ISBN, <strong>nunca faziam parte destas encomendas<\/strong>.<\/p>\n<p><a target=\"_blank\" href=\"https:\/\/pplware.sapo.pt\/wp-content\/uploads\/2026\/08\/ISBN-codigo-identificacao-livros.jpg\" onclick=\"refreshIframe()\" class=\"foobox\" rel=\"nofollow noopener\"><img loading=\"lazy\" decoding=\"async\" src=\"https:\/\/www.europesays.com\/pt\/wp-content\/uploads\/2026\/08\/ISBN-codigo-identificacao-livros-720x405.jpg\" alt=\"\" width=\"720\" height=\"405\" class=\"aligncenter size-medium wp-image-1136076\"  \/><\/a><\/p>\n<p>Conforme <a target=\"_blank\" href=\"https:\/\/pplware.sapo.pt\/inteligencia-artificial\/empresas-de-ia-estarao-a-comprar-e-destruir-milhoes-de-livros-para-treinar-modelos\/\" rel=\"nofollow noopener\">explic\u00e1mos anteriormente<\/a>, o ISBN \u00e9 o International Standard Book Number, um <strong>c\u00f3digo de identifica\u00e7\u00e3o internacional para livros<\/strong>, composto por 13 d\u00edgitos que funcionam como o &#8220;bilhete de identidade&#8221; de uma obra liter\u00e1ria.<\/p>\n<p>Segundo a 404 Media, este detalhe sugere que os compradores est\u00e3o a <strong>percorrer, de forma sistem\u00e1tica, os n\u00fameros de s\u00e9rie atribu\u00eddos a livros j\u00e1 catalogados<\/strong>.<\/p>\n<p>Porqu\u00ea treinar IA com livros antigos?<\/p>\n<p>Questionada sobre o caso, a Amazon respondeu com a mesma declara\u00e7\u00e3o j\u00e1 dada \u00e0 404 Media: a empresa &#8220;compra livros atrav\u00e9s de canais comerciais para <strong>ajudar a desenvolver e melhorar os produtos e servi\u00e7os&#8221; dos seus clientes<\/strong>.<\/p>\n<p>No entanto, <strong>n\u00e3o confirma, nem desmente<\/strong>, qualquer liga\u00e7\u00e3o a Intelig\u00eancia Artificial (IA).<\/p>\n<p>Ainda assim, os ind\u00edcios parecem apontar nessa dire\u00e7\u00e3o. Livros raros, com pouco ou nenhum mercado de revenda, tornam-se <strong>especialmente valiosos como dados de treino por nunca terem sido digitalizados<\/strong>, e por serem anteriores \u00e0 explos\u00e3o da IA generativa, o que significa que o texto n\u00e3o foi contaminado pelas m\u00e1quinas.<\/p>\n<p>Al\u00e9m disso, <strong>cortar a lombada de um livro para o digitalizar<\/strong> foi o procedimento que, em junho de 2025, um tribunal federal norte-americano <strong>considerou uso justo<\/strong> num <a target=\"_blank\" href=\"https:\/\/pplware.sapo.pt\/inteligencia-artificial\/anthropic-usou-materiais-com-direitos-autorais-para-treinar-ia-juiz-decide-que-e-uso-justo\/\" rel=\"nofollow noopener\">processo que envolveu a Anthropic<\/a>, desde que o exemplar f\u00edsico fosse comprado e destru\u00eddo no processo, substituindo-se por uma c\u00f3pia digital.<\/p>\n<p>A mesma decis\u00e3o, no entanto, <strong>considerou ilegal o uso de livros obtidos ilegalmente atrav\u00e9s de sites de pirataria<\/strong>, uma quest\u00e3o que a Anthropic acabaria por resolver com um acordo de 1,5 mil milh\u00f5es de d\u00f3lares.<\/p>\n<p><a target=\"_blank\" href=\"https:\/\/pplware.sapo.pt\/wp-content\/uploads\/2026\/07\/digitalizar-livros.jpg\" onclick=\"refreshIframe()\" class=\"foobox\" rel=\"nofollow noopener\"><img loading=\"lazy\" decoding=\"async\" src=\"https:\/\/www.europesays.com\/pt\/wp-content\/uploads\/2026\/08\/digitalizar-livros-720x405.jpg\" alt=\"\" width=\"720\" height=\"405\" class=\"aligncenter size-medium wp-image-1132697\"  \/><\/a><\/p>\n<p>Uma t\u00e9cnica de investiga\u00e7\u00e3o com hist\u00f3ria<\/p>\n<p>Usar rastreadores para seguir objetos e descortinar pr\u00e1ticas escondidas n\u00e3o \u00e9 uma novidade no jornalismo.<\/p>\n<p>Em 2014, a organiza\u00e7\u00e3o <a target=\"_blank\" href=\"https:\/\/www.ban.org\/trash-transparency\" rel=\"nofollow noopener\">Basel Action Network<\/a> come\u00e7ou a colocar rastreadores GPS dentro de impressoras e monitores antigos, para <strong>perceber o destino real do lixo eletr\u00f3nico entregue para reciclagem<\/strong> nos Estados Unidos. Os resultados levaram, inclusive, a acusa\u00e7\u00f5es federais contra uma empresa de reciclagem.<\/p>\n<p>Mais tarde, a <a target=\"_blank\" href=\"https:\/\/abcnews.com\/US\/put-dozens-trackers-plastic-bags-recycling-trashed\/story?id=99509422\" rel=\"nofollow noopener\">ABC News<\/a> repetiu a t\u00e9cnica com <strong>sacos de pl\u00e1stico deixados em pontos de recolha<\/strong> da Walmart e da Target, e a <a target=\"_blank\" href=\"https:\/\/gijn.org\/stories\/case-studies-investigating-where-garbage-goes-around-the-world\/\" rel=\"nofollow noopener\">r\u00e1dio p\u00fablica finlandesa<\/a> fez o mesmo com <strong>roupa usada doada para reciclagem t\u00eaxtil<\/strong>.<\/p>\n<p>Hoje em dia, a diferen\u00e7a est\u00e1 na simplicidade da tecnologia, tendo em conta que, em vez de rastreadores caros com plano de dados m\u00f3veis, <strong>basta um <a target=\"_blank\" href=\"https:\/\/link.amazon\/B0fHze9a6\" rel=\"nofollow noopener\">AirTag, dispon\u00edvel a partir de 35 euros<\/a><\/strong>, que comunica a sua localiza\u00e7\u00e3o atrav\u00e9s de qualquer iPhone que passe perto.<\/p>\n<p>\u00a0<\/p>\n<p><strong>Leia tamb\u00e9m:<\/strong><\/p>\n","protected":false},"excerpt":{"rendered":"Um jornalista escondeu um AirTag da Apple dentro de um livro raro para descobrir o destino das encomendas&hellip;\n","protected":false},"author":2,"featured_media":491428,"comment_status":"","ping_status":"","sticky":false,"template":"","format":"standard","meta":{"footnotes":"","_share_on_mastodon":"0"},"categories":[83],"tags":[15875,514,88,89,90,933,170,32,33],"class_list":["post-491427","post","type-post","status-publish","format-standard","has-post-thumbnail","category-empresas","tag-airtag","tag-amazon","tag-business","tag-economy","tag-empresas","tag-inteligencia-artificial","tag-livros","tag-portugal","tag-pt"],"share_on_mastodon":{"url":"https:\/\/pubeurope.com\/@pt\/117117467872138030","error":""},"_links":{"self":[{"href":"https:\/\/www.europesays.com\/pt\/wp-json\/wp\/v2\/posts\/491427","targetHints":{"allow":["GET"]}}],"collection":[{"href":"https:\/\/www.europesays.com\/pt\/wp-json\/wp\/v2\/posts"}],"about":[{"href":"https:\/\/www.europesays.com\/pt\/wp-json\/wp\/v2\/types\/post"}],"author":[{"embeddable":true,"href":"https:\/\/www.europesays.com\/pt\/wp-json\/wp\/v2\/users\/2"}],"replies":[{"embeddable":true,"href":"https:\/\/www.europesays.com\/pt\/wp-json\/wp\/v2\/comments?post=491427"}],"version-history":[{"count":0,"href":"https:\/\/www.europesays.com\/pt\/wp-json\/wp\/v2\/posts\/491427\/revisions"}],"wp:featuredmedia":[{"embeddable":true,"href":"https:\/\/www.europesays.com\/pt\/wp-json\/wp\/v2\/media\/491428"}],"wp:attachment":[{"href":"https:\/\/www.europesays.com\/pt\/wp-json\/wp\/v2\/media?parent=491427"}],"wp:term":[{"taxonomy":"category","embeddable":true,"href":"https:\/\/www.europesays.com\/pt\/wp-json\/wp\/v2\/categories?post=491427"},{"taxonomy":"post_tag","embeddable":true,"href":"https:\/\/www.europesays.com\/pt\/wp-json\/wp\/v2\/tags?post=491427"}],"curies":[{"name":"wp","href":"https:\/\/api.w.org\/{rel}","templated":true}]}}