{"id":491473,"date":"2026-08-18T17:14:40","date_gmt":"2026-08-18T17:14:40","guid":{"rendered":"https:\/\/www.europesays.com\/pt\/491473\/"},"modified":"2026-08-18T17:14:40","modified_gmt":"2026-08-18T17:14:40","slug":"trump-diz-que-nao-ha-conversacoes-em-curso-com-o-irao-e-publica-imagem-de-ormuz-como-territorio-dos-eua-mundo","status":"publish","type":"post","link":"https:\/\/www.europesays.com\/pt\/491473\/","title":{"rendered":"Trump diz que n\u00e3o h\u00e1 conversa\u00e7\u00f5es em curso com o Ir\u00e3o e publica imagem de Ormuz como territ\u00f3rio dos EUA &#8211; Mundo"},"content":{"rendered":"<p class=\"\">&#13;<br \/>\n        O Presidente dos Estados Unidos, Donald Trump, escreveu esta ter\u00e7a-feira, na rede social Truth Social, que <b>n\u00e3o h\u00e1 conversa\u00e7\u00f5es em curso com o Ir\u00e3o, nem planeadas<\/b>, mas deixou a garantia que o <b>estreito de Ormuz est\u00e1 &#8220;aberto e em opera\u00e7\u00e3o&#8221; e que &#8220;todas as minas foram retiradas ou detonadas&#8221;<\/b>.\u00a0Trump assegura ainda que o bloqueio naval imposto pelos Estados Unidos continua &#8220;em vigor, em pleno&#8221;. &#13;\n    <\/p>\n<p class=\"\">&#13;<br \/>\n        Estas garantias surgem depois de esta manh\u00e3 o Ir\u00e3o ter reiterado que <a href=\"https:\/\/www.jornaldenegocios.pt\/economia\/detalhe\/irao-reitera-que-estreito-de-ormuz-vai-continuar-fechado-ate-eua-cumprir-compromissos\" target=\"_blank\" rel=\"tag nofollow noopener\">vai manter o estreito de Ormuz fechado<\/a> enquanto os Estados Unidos n\u00e3o cumprirem os compromissos previstos no protocolo assinado em junho.&#13;\n    <\/p>\n<p class=\"\">&#13;<br \/>\n        \u00a0O an\u00fancio foi feito pelo chefe dos negociadores iranianos, Mohammad Bagher Ghalibaf. O tamb\u00e9m presidente do parlamento iraniano citou &#8220;o levantamento do bloqueio naval [norte-americano], o desbloqueio dos ativos [iranianos] congelados, o levantamento do embargo petrol\u00edfero&#8221; e o fim das opera\u00e7\u00f5es militares &#8220;em todas as frentes&#8221;.&#13;\n    <\/p>\n<p class=\"\">&#13;<br \/>\n        O estreito de Ormuz <b>&#8220;n\u00e3o ser\u00e1 aberto enquanto os compromissos norte-americanos estipulados no protocolo de acordo (&#8230;) n\u00e3o forem concretizados&#8221;<\/b>, afirmou, durante um discurso transmitido pela televis\u00e3o de Estado, citado pela ag\u00eancia de not\u00edcias France-Presse (AFP).&#13;\n    <\/p>\n<p class=\"\">&#13;<br \/>\n        Tamb\u00e9m na Truth Social, Trump publicou hoje uma\u00a0imagem que mostra o estreito de Ormuz como territ\u00f3rio norte-americano, sem qualquer legenda adicional.&#13;\n    <\/p>\n<p class=\"\">&#13;<br \/>\n        A publica\u00e7\u00e3o mereceu rapidamente uma rea\u00e7\u00e3o de Teer\u00e3o, com o <b>vice-ministro dos Neg\u00f3cios Estrangeiros do Ir\u00e3o a classificar a imagem como uma &#8220;ilus\u00e3o&#8221;<\/b>. &#8220;Em breve, a sua ilus\u00e3o sobre o estreito de Ormuz ser\u00e1 corrigida ou n\u00f3s vamos corrigir as ilus\u00f5es deste homem delirante&#8221;, escreveu Kazem Gharibabadi na rede social X.&#13;\n    <\/p>\n","protected":false},"excerpt":{"rendered":"&#13; O Presidente dos Estados Unidos, Donald Trump, escreveu esta ter\u00e7a-feira, na rede social Truth Social, que n\u00e3o&hellip;\n","protected":false},"author":2,"featured_media":491474,"comment_status":"","ping_status":"","sticky":false,"template":"","format":"standard","meta":{"footnotes":"","_share_on_mastodon":"0"},"categories":[50],"tags":[27,28,92,235,413,15,16,208,14,5453,25,26,21,22,62,12,13,19,20,26944,23,24,5454,218,17,18,29,30,31,63,64,65],"class_list":["post-491473","post","type-post","status-publish","format-standard","has-post-thumbnail","category-mundo","tag-breaking-news","tag-breakingnews","tag-donald-trump","tag-estados-unidos","tag-eua","tag-featured-news","tag-featurednews","tag-franca","tag-headlines","tag-irao","tag-latest-news","tag-latestnews","tag-main-news","tag-mainnews","tag-mundo","tag-news","tag-noticias","tag-noticias-principais","tag-noticiasprincipais","tag-presidente-dos-eua","tag-principais-noticias","tag-principaisnoticias","tag-teerao","tag-televisao","tag-top-stories","tag-topstories","tag-ultimas","tag-ultimas-noticias","tag-ultimasnoticias","tag-world","tag-world-news","tag-worldnews"],"share_on_mastodon":{"url":"","error":"Validation failed: Text character limit of 500 exceeded"},"_links":{"self":[{"href":"https:\/\/www.europesays.com\/pt\/wp-json\/wp\/v2\/posts\/491473","targetHints":{"allow":["GET"]}}],"collection":[{"href":"https:\/\/www.europesays.com\/pt\/wp-json\/wp\/v2\/posts"}],"about":[{"href":"https:\/\/www.europesays.com\/pt\/wp-json\/wp\/v2\/types\/post"}],"author":[{"embeddable":true,"href":"https:\/\/www.europesays.com\/pt\/wp-json\/wp\/v2\/users\/2"}],"replies":[{"embeddable":true,"href":"https:\/\/www.europesays.com\/pt\/wp-json\/wp\/v2\/comments?post=491473"}],"version-history":[{"count":0,"href":"https:\/\/www.europesays.com\/pt\/wp-json\/wp\/v2\/posts\/491473\/revisions"}],"wp:featuredmedia":[{"embeddable":true,"href":"https:\/\/www.europesays.com\/pt\/wp-json\/wp\/v2\/media\/491474"}],"wp:attachment":[{"href":"https:\/\/www.europesays.com\/pt\/wp-json\/wp\/v2\/media?parent=491473"}],"wp:term":[{"taxonomy":"category","embeddable":true,"href":"https:\/\/www.europesays.com\/pt\/wp-json\/wp\/v2\/categories?post=491473"},{"taxonomy":"post_tag","embeddable":true,"href":"https:\/\/www.europesays.com\/pt\/wp-json\/wp\/v2\/tags?post=491473"}],"curies":[{"name":"wp","href":"https:\/\/api.w.org\/{rel}","templated":true}]}}