{"id":491507,"date":"2026-08-18T17:48:19","date_gmt":"2026-08-18T17:48:19","guid":{"rendered":"https:\/\/www.europesays.com\/pt\/491507\/"},"modified":"2026-08-18T17:48:19","modified_gmt":"2026-08-18T17:48:19","slug":"moscovo-ameaca-londres-apos-informacoes-sobre-uso-de-drones-britanicos-por-kiev","status":"publish","type":"post","link":"https:\/\/www.europesays.com\/pt\/491507\/","title":{"rendered":"Moscovo amea\u00e7a Londres ap\u00f3s informa\u00e7\u00f5es sobre uso de drones brit\u00e2nicos por Kiev"},"content":{"rendered":"\n<p>&#13;<br \/>\nO jornal Sunday Times afirmou no domingo que drones produzidos por duas empresas brit\u00e2nicas e fornecidos \u00e0 Ucr\u00e2nia foram utilizados na vaga de ataques ucranianos contra alvos militares e industriais dentro do territ\u00f3rio russo.&#13;\n<\/p>\n<p>&#13;<br \/>\nNuma declara\u00e7\u00e3o publicada na segunda-feira, a embaixada da R\u00fassia em Londres considerou que o Reino Unido tornou-se assim &#8220;c\u00famplice e coautor&#8221; desses ataques e &#8220;optou deliberadamente por uma escalada&#8221; do conflito.&#13;\n<\/p>\n<p>&#13;<br \/>\n&#8220;As a\u00e7\u00f5es de Londres ir\u00e3o inevitavelmente gerar consequ\u00eancias pelas quais ter\u00e1 de responder. Quanto mais profunda for a sua participa\u00e7\u00e3o no conflito e maior for o seu apoio \u00e0 m\u00e1quina terrorista de Kiev, maior ser\u00e1 o pre\u00e7o a pagar&#8221;, amea\u00e7a no comunicado.&#13;\n<\/p>\n<p>&#13;<br \/>\nSegundo o Sunday Times, uma das duas empresas \u00e9 uma filial da BAE Systems, mas o jornal n\u00e3o revelou o nome da segunda empresa &#8220;por raz\u00f5es de seguran\u00e7a&#8221;. &#13;\n<\/p>\n<p>&#13;<br \/>\nContactado, o Minist\u00e9rio da Defesa brit\u00e2nico n\u00e3o respondeu. &#13;\n<\/p>\n<p>&#13;<br \/>\nO Reino Unido \u00e9 um dos principais apoiantes financeiros de Kiev desde o in\u00edcio da invas\u00e3o russa, em fevereiro de 2022, com cerca de 25 mil milh\u00f5es de libras (29 mil milh\u00f5es de euros) mobilizados, dos quais 16 mil milh\u00f5es em ajuda militar. &#13;\n<\/p>\n<p>&#13;<br \/>\nNos \u00faltimos meses, a Ucr\u00e2nia multiplicou os ataques em profundidade no territ\u00f3rio russo, enquanto Moscovo tamb\u00e9m intensificou consideravelmente os ataques \u00e0 capital ucraniana, geralmente com m\u00edsseis bal\u00edsticos dif\u00edceis de intercetar. &#13;\n<\/p>\n<p>&#13;<br \/>\nNo domingo, uma vaga de centenas de drones fez 12 mortos na R\u00fassia, enquanto ataques russos fizeram sete mortos na Ucr\u00e2nia.&#13;<\/p>\n","protected":false},"excerpt":{"rendered":"&#13; O jornal Sunday Times afirmou no domingo que drones produzidos por duas empresas brit\u00e2nicas e fornecidos \u00e0&hellip;\n","protected":false},"author":2,"featured_media":491508,"comment_status":"","ping_status":"","sticky":false,"template":"","format":"standard","meta":{"footnotes":"","_share_on_mastodon":"0"},"categories":[50],"tags":[27,28,15,16,14,4167,25,26,21,22,62,12,13,19,20,23,24,17,18,29,30,31,63,64,65],"class_list":["post-491507","post","type-post","status-publish","format-standard","has-post-thumbnail","category-mundo","tag-breaking-news","tag-breakingnews","tag-featured-news","tag-featurednews","tag-headlines","tag-kiev","tag-latest-news","tag-latestnews","tag-main-news","tag-mainnews","tag-mundo","tag-news","tag-noticias","tag-noticias-principais","tag-noticiasprincipais","tag-principais-noticias","tag-principaisnoticias","tag-top-stories","tag-topstories","tag-ultimas","tag-ultimas-noticias","tag-ultimasnoticias","tag-world","tag-world-news","tag-worldnews"],"share_on_mastodon":{"url":"https:\/\/pubeurope.com\/@pt\/117117773774966196","error":""},"_links":{"self":[{"href":"https:\/\/www.europesays.com\/pt\/wp-json\/wp\/v2\/posts\/491507","targetHints":{"allow":["GET"]}}],"collection":[{"href":"https:\/\/www.europesays.com\/pt\/wp-json\/wp\/v2\/posts"}],"about":[{"href":"https:\/\/www.europesays.com\/pt\/wp-json\/wp\/v2\/types\/post"}],"author":[{"embeddable":true,"href":"https:\/\/www.europesays.com\/pt\/wp-json\/wp\/v2\/users\/2"}],"replies":[{"embeddable":true,"href":"https:\/\/www.europesays.com\/pt\/wp-json\/wp\/v2\/comments?post=491507"}],"version-history":[{"count":0,"href":"https:\/\/www.europesays.com\/pt\/wp-json\/wp\/v2\/posts\/491507\/revisions"}],"wp:featuredmedia":[{"embeddable":true,"href":"https:\/\/www.europesays.com\/pt\/wp-json\/wp\/v2\/media\/491508"}],"wp:attachment":[{"href":"https:\/\/www.europesays.com\/pt\/wp-json\/wp\/v2\/media?parent=491507"}],"wp:term":[{"taxonomy":"category","embeddable":true,"href":"https:\/\/www.europesays.com\/pt\/wp-json\/wp\/v2\/categories?post=491507"},{"taxonomy":"post_tag","embeddable":true,"href":"https:\/\/www.europesays.com\/pt\/wp-json\/wp\/v2\/tags?post=491507"}],"curies":[{"name":"wp","href":"https:\/\/api.w.org\/{rel}","templated":true}]}}