{"id":491509,"date":"2026-08-18T17:49:27","date_gmt":"2026-08-18T17:49:27","guid":{"rendered":"https:\/\/www.europesays.com\/pt\/491509\/"},"modified":"2026-08-18T17:49:27","modified_gmt":"2026-08-18T17:49:27","slug":"recluso-morre-depois-de-ter-sido-assistido-no-hospital","status":"publish","type":"post","link":"https:\/\/www.europesays.com\/pt\/491509\/","title":{"rendered":"Recluso morre depois de ter sido assistido no hospital"},"content":{"rendered":"\n<p>&#13;<br \/>\nUm <b>homem de 35 anos foi encontrado sem vida<\/b> esta ter\u00e7a-feira na cela do Estabelecimento Prisional de Vale de Judeus, onde cumpria pena.&#13;\n<\/p>\n<p>&#13;<br \/>\n\u00c0 RTP Antena 1, a Direc\u00e7\u00e3o-geral de Reinser\u00e7\u00e3o e Servi\u00e7os Prisionais (DGRSP) confirmou a morte do recluso. E avan\u00e7ou que o homem tinha recebido alta depois de ter sido assistido no Hospital de Vila Franca de Xira e regressado \u00e0 cadeia de Vale de Judeus, medicado e com a indica\u00e7\u00e3o de isolamento.&#13;\n<\/p>\n<p>\nA DGRSP fez quest\u00e3o de esclarecer que os servi\u00e7os cumpriram todas as indica\u00e7\u00f5es m\u00e9dicas provenientes do Hospital. <\/p>\n<p>A Pol\u00edcia Judici\u00e1ria (PJ) esteve no local a efetuar v\u00e1rias delig\u00eancias.<\/p>\n<p>&#13;<br \/>\nEntretanto, a Associa\u00e7\u00e3o Portuguesa de Apoio ao Recluso (APAR) j\u00e1 reagiu ao caso. O presidente, V\u00edtor Ilharco, n\u00e3o questiona os procedimentos realizados pela cadeia, mas sim as decis\u00f5es do Hospital de Vila Franca de Xira.\u00a0&#13;\n<\/p>\n<p>&#13;<br \/>\n<b>&#8220;O que \u00e9 que leva um m\u00e9dico a enviar um doente com uma doen\u00e7a infeto-contagiosa grave, t\u00e3o grave que faleceu, para uma cadeia sem as m\u00ednimas de condi\u00e7\u00f5es&#8221;<\/b>, questionou.&#13;\n<\/p>\n<p>&#13;<br \/>\nO respons\u00e1vel pela APAR disse ainda que &#8220;o indicado era [o recluso] ficar no departamento de infetocontagiosas do hospital isolado e tratado como deve ser&#8221;, revelou, salientado que n\u00e3o foi isso que aconteceu. O homem foi enviado para a cadeia &#8220;sobrelotada&#8221; de Vale de Judeus.&#13;\n<\/p>\n<p>          <img decoding=\"async\" itemprop=\"image\" class=\"img-fluid\"   src=\"https:\/\/www.europesays.com\/pt\/wp-content\/uploads\/2026\/08\/1787075367_249_antena1_default.png\"\/><\/p>\n<p>&#13;<br \/>\nDois casos nos \u00faltimos tr\u00eas dias&#13;\n<\/p>\n<p>&#13;<br \/>\nNos \u00faltimos tr\u00eas dias, este \u00e9 o <b>segundo caso de um recluso que morre no Estabelecimento Prisional de Vale de Judeus.<\/b>\u00a0&#13;\n<\/p>\n<p>&#13;<br \/>\nA Dire\u00e7\u00e3o-geral de Reinser\u00e7\u00e3o e Servi\u00e7os Prisionais tamb\u00e9m confirmou \u00e0 RTP Antena 1 a morte de um outro recluso, de 73 anos, no dia seguinte ao regresso ap\u00f3s uma sa\u00edda prec\u00e1ria.&#13;\n<\/p>\n<p>&#13;<br \/>\nO preso ter\u00e1 sido encontrado inanimado na cela, em situa\u00e7\u00e3o de paragem cardiorespirat\u00f3ria. O INEM foi chamado ao local e foram realizadas manobras de reanima\u00e7\u00e3o, mas n\u00e3o foi poss\u00edvel reverter a situa\u00e7\u00e3o e foi declarado o \u00f3bito.&#13;\n<\/p>\n<p>&#13;<br \/>\nOs dois casos est\u00e3o agora sob a al\u00e7ada da Pol\u00edcia Judici\u00e1ria.&#13;<\/p>\n","protected":false},"excerpt":{"rendered":"&#13; Um homem de 35 anos foi encontrado sem vida esta ter\u00e7a-feira na cela do Estabelecimento Prisional de&hellip;\n","protected":false},"author":2,"featured_media":491510,"comment_status":"","ping_status":"","sticky":false,"template":"","format":"standard","meta":{"footnotes":"","_share_on_mastodon":"0"},"categories":[10],"tags":[27,28,78554,15,16,14,78555,25,26,21,22,1437,12,13,19,20,32,23,24,33,17,18,29,30,31],"class_list":["post-491509","post","type-post","status-publish","format-standard","has-post-thumbnail","category-portugal","tag-breaking-news","tag-breakingnews","tag-cadeia-vale-de-judeus","tag-featured-news","tag-featurednews","tag-headlines","tag-hospital-vila-franca-de-xira","tag-latest-news","tag-latestnews","tag-main-news","tag-mainnews","tag-morte","tag-news","tag-noticias","tag-noticias-principais","tag-noticiasprincipais","tag-portugal","tag-principais-noticias","tag-principaisnoticias","tag-pt","tag-top-stories","tag-topstories","tag-ultimas","tag-ultimas-noticias","tag-ultimasnoticias"],"share_on_mastodon":{"url":"https:\/\/pubeurope.com\/@pt\/117117777990523958","error":""},"_links":{"self":[{"href":"https:\/\/www.europesays.com\/pt\/wp-json\/wp\/v2\/posts\/491509","targetHints":{"allow":["GET"]}}],"collection":[{"href":"https:\/\/www.europesays.com\/pt\/wp-json\/wp\/v2\/posts"}],"about":[{"href":"https:\/\/www.europesays.com\/pt\/wp-json\/wp\/v2\/types\/post"}],"author":[{"embeddable":true,"href":"https:\/\/www.europesays.com\/pt\/wp-json\/wp\/v2\/users\/2"}],"replies":[{"embeddable":true,"href":"https:\/\/www.europesays.com\/pt\/wp-json\/wp\/v2\/comments?post=491509"}],"version-history":[{"count":0,"href":"https:\/\/www.europesays.com\/pt\/wp-json\/wp\/v2\/posts\/491509\/revisions"}],"wp:featuredmedia":[{"embeddable":true,"href":"https:\/\/www.europesays.com\/pt\/wp-json\/wp\/v2\/media\/491510"}],"wp:attachment":[{"href":"https:\/\/www.europesays.com\/pt\/wp-json\/wp\/v2\/media?parent=491509"}],"wp:term":[{"taxonomy":"category","embeddable":true,"href":"https:\/\/www.europesays.com\/pt\/wp-json\/wp\/v2\/categories?post=491509"},{"taxonomy":"post_tag","embeddable":true,"href":"https:\/\/www.europesays.com\/pt\/wp-json\/wp\/v2\/tags?post=491509"}],"curies":[{"name":"wp","href":"https:\/\/api.w.org\/{rel}","templated":true}]}}