{"id":491606,"date":"2026-08-18T19:16:14","date_gmt":"2026-08-18T19:16:14","guid":{"rendered":"https:\/\/www.europesays.com\/pt\/491606\/"},"modified":"2026-08-18T19:16:14","modified_gmt":"2026-08-18T19:16:14","slug":"mais-apaixonados-do-que-nunca-matilde-reymao-e-pedro-teixeira-ja-nao-escondem-o-romance","status":"publish","type":"post","link":"https:\/\/www.europesays.com\/pt\/491606\/","title":{"rendered":"Mais apaixonados do que nunca, Matilde Reym\u00e3o e Pedro Teixeira j\u00e1 n\u00e3o escondem o romance"},"content":{"rendered":"<p>O romance entre Matilde Reym\u00e3o e Pedro Teixeira, que h\u00e1 algum tempo vinha a despertar rumores, ganhou esta ter\u00e7a-feira, 18 de agosto, uma confirma\u00e7\u00e3o no <a target=\"_blank\" rel=\"noopener noreferrer nofollow\" href=\"https:\/\/tvi.iol.pt\/vmais\/programa\/v-fama\/66aa431ed34ea1acf26cda0d\"><strong>V+ Fama<\/strong><\/a>. Adriano Silva Martins revelou no programa que os dois atores \u00abest\u00e3o mesmo juntos\u00bb, avan\u00e7ando ainda que o casal atravessa uma fase particularmente feliz.<\/p>\n<p>\u00abFontes de \u00e1gua cristalina revelaram ao &#8220;V+ Fama&#8221; que o casal est\u00e1 bem \u2013 e digo casal, porque s\u00e3o mesmo um casal \u2013 est\u00e3o contentes, felizes e apaixonados\u00bb, afirmou o comentador. Adriano Silva Martins acrescentou que a rela\u00e7\u00e3o se ter\u00e1 aproximado durante as grava\u00e7\u00f5es de \u00abNovas 7 Maravilhas de Portugal\u00bb, programa no qual ambos participaram este ver\u00e3o. Pedro Teixeira assumiu a apresenta\u00e7\u00e3o ao lado de Maria Cerqueira Gomes, enquanto Matilde Reym\u00e3o integrou o projeto como embaixadora.<\/p>\n<p>A proximidade entre os dois atores ganhou, assim, novos contornos depois de terem trabalhado juntos em diferentes projetos da TVI. Ambos integram tamb\u00e9m o elenco de <a target=\"_blank\" rel=\"noopener noreferrer nofollow\" href=\"https:\/\/tvi.iol.pt\/novelas\/programa\/a-madrasta\/6978e834d34e0ec52ec2c9d2\">A Madrasta<\/a>, a nova novela da esta\u00e7\u00e3o, embora, segundo as informa\u00e7\u00f5es divulgadas no programa, tenha sido durante as grava\u00e7\u00f5es das \u00abNovas 7 Maravilhas\u00bb que a rela\u00e7\u00e3o se ter\u00e1 intensificado.<\/p>\n<p>\u00abT\u00eam estado muito felizes no Algarve\u00bb <\/p>\n<p>De acordo com Adriano Silva Martins, a felicidade do casal \u00e9 particularmente evidente durante estes dias de ver\u00e3o. \u00abO que \u00e9 uma realidade, que j\u00e1 n\u00e3o podemos esconder, \u00e9 que t\u00eam estado muito felizes no Algarve\u00bb, afirmou o apresentador.<\/p>\n<p>At\u00e9 ao momento, nem Matilde Reym\u00e3o nem Pedro Teixeira assumiram publicamente a rela\u00e7\u00e3o, mas t\u00eam sido vistos juntos. A confirma\u00e7\u00e3o feita no V+ Fama surge, por isso, como um dos primeiros relatos p\u00fablicos sobre o romance.<\/p>\n<p>Quem \u00e9 Matilde Reym\u00e3o? <\/p>\n<p>Aos 26 anos, Matilde Reym\u00e3o \u00e9 atualmente um dos rostos mais conhecidos da fic\u00e7\u00e3o da TVI. Come\u00e7ou a trabalhar como modelo aos 15 anos e, depois de uma passagem por Londres, estreou-se como atriz em 2020, na novela \u00abAmar Demais\u00bb.<\/p>\n<p>Desde ent\u00e3o, passou por projetos como \u00abO Clube\u00bb, \u00abPor Ti\u00bb e \u00abCacau\u00bb, novela na qual assumiu o papel principal. A atriz protagoniza atualmente \u00abA Protegida\u00bb e integra ainda \u00abA Madrasta\u00bb.<\/p>\n<p>Pedro Teixeira \u00e9 um dos rostos hist\u00f3ricos da TVI <\/p>\n<p>Pedro Teixeira, de 45 anos, tem uma carreira consolidada na televis\u00e3o portuguesa, tanto enquanto ator como apresentador. Entre os trabalhos mais recentes encontram-se \u00abFesta \u00e9 Festa\u00bb e outros projetos de fic\u00e7\u00e3o da TVI, al\u00e9m de formatos de entretenimento.<\/p>\n<p>O ator \u00e1 pai de Manuel, da sua anterior rela\u00e7\u00e3o com Sara Matos, e tem ainda uma filha, Maria, fruto do amor que viveu com Cl\u00e1udia Vieira.<\/p>\n<p>Agora, \u00e9 a vida pessoal que volta a colocar Pedro Teixeira no centro das aten\u00e7\u00f5es. Depois de semanas de rumores, a confirma\u00e7\u00e3o de Adriano Silva Martins d\u00e1 uma nova dimens\u00e3o \u00e0 proximidade entre o ator e Matilde Reym\u00e3o \u2014 dois dos rostos mais populares da fic\u00e7\u00e3o da TVI.<\/p>\n<p>Recorde um momento divertido entre os dois, que aconteceu no programa &#8220;Vai ou Racha&#8221;.<\/p>\n","protected":false},"excerpt":{"rendered":"O romance entre Matilde Reym\u00e3o e Pedro Teixeira, que h\u00e1 algum tempo vinha a despertar rumores, ganhou esta&hellip;\n","protected":false},"author":2,"featured_media":491607,"comment_status":"","ping_status":"","sticky":false,"template":"","format":"standard","meta":{"footnotes":"","_share_on_mastodon":"0"},"categories":[85],"tags":[73,72,66,114,115,77,69,75,881,71,67,159,32,33,1016,76,74,70,35,162,78,68],"class_list":["post-491606","post","type-post","status-publish","format-standard","has-post-thumbnail","category-entretenimento","tag-a-jornada","tag-bate-bola","tag-bom-dia-alegria","tag-entertainment","tag-entretenimento","tag-estudio-estadio","tag-fanaticos","tag-livre-e-direto","tag-matilde-reymao","tag-nova-geracao","tag-para-si","tag-pedro-teixeira","tag-portugal","tag-pt","tag-romance","tag-segredos-do-prazer","tag-segue-o-jogo","tag-super-craques","tag-transferencias","tag-tvi","tag-v-fama","tag-var-aberto"],"share_on_mastodon":{"url":"https:\/\/pubeurope.com\/@pt\/117118120353278978","error":""},"_links":{"self":[{"href":"https:\/\/www.europesays.com\/pt\/wp-json\/wp\/v2\/posts\/491606","targetHints":{"allow":["GET"]}}],"collection":[{"href":"https:\/\/www.europesays.com\/pt\/wp-json\/wp\/v2\/posts"}],"about":[{"href":"https:\/\/www.europesays.com\/pt\/wp-json\/wp\/v2\/types\/post"}],"author":[{"embeddable":true,"href":"https:\/\/www.europesays.com\/pt\/wp-json\/wp\/v2\/users\/2"}],"replies":[{"embeddable":true,"href":"https:\/\/www.europesays.com\/pt\/wp-json\/wp\/v2\/comments?post=491606"}],"version-history":[{"count":0,"href":"https:\/\/www.europesays.com\/pt\/wp-json\/wp\/v2\/posts\/491606\/revisions"}],"wp:featuredmedia":[{"embeddable":true,"href":"https:\/\/www.europesays.com\/pt\/wp-json\/wp\/v2\/media\/491607"}],"wp:attachment":[{"href":"https:\/\/www.europesays.com\/pt\/wp-json\/wp\/v2\/media?parent=491606"}],"wp:term":[{"taxonomy":"category","embeddable":true,"href":"https:\/\/www.europesays.com\/pt\/wp-json\/wp\/v2\/categories?post=491606"},{"taxonomy":"post_tag","embeddable":true,"href":"https:\/\/www.europesays.com\/pt\/wp-json\/wp\/v2\/tags?post=491606"}],"curies":[{"name":"wp","href":"https:\/\/api.w.org\/{rel}","templated":true}]}}