{"id":491644,"date":"2026-08-18T19:48:33","date_gmt":"2026-08-18T19:48:33","guid":{"rendered":"https:\/\/www.europesays.com\/pt\/491644\/"},"modified":"2026-08-18T19:48:33","modified_gmt":"2026-08-18T19:48:33","slug":"governo-prepara-medidas-contra-lojas-de-fachada-correio-da-manha","status":"publish","type":"post","link":"https:\/\/www.europesays.com\/pt\/491644\/","title":{"rendered":"Governo prepara medidas contra lojas de fachada &#8211; Correio da Manh\u00e3"},"content":{"rendered":"<ol>\n<li><a href=\"https:\/\/news.google.com\/rss\/articles\/CBMikgFBVV95cUxOY015RTd5WUNwQ002dnpkUTlNX1Z0MmI4SUI4d2puLVlaZmY5X2ZFNGpOZkxXbTlZYUt3eXRLd0dQMkZpSzVQWHBTaG9wbm1hSTgydTBUSVgtUW1JU0E2UDlFcHhpZDluekVwZkpDXzhKSzlKb0x4T2t5Z3JJNnFfQUpkY0Y4MGhLV2FmdjJISGF3d9IBjAFBVV95cUxPM2JPT3hOeHBhNGMyd2QyQld3dm9lT0xTa3h2VDRZaHNINjcwTUFJSnJwbHNveThGSWszNmNUMzhxVnBBMUZZdFFKUm54YWpOclZRSTY3VVpvRTY0TlVRN2c5MnRNMzc2VThVNXdpSnczUmlUMnhjZkRxNHVENzRyNG5wQ095Q2Zzem4yQQ?oc=5\" target=\"_blank\" rel=\"nofollow noopener\">Governo prepara medidas contra lojas de fachada<\/a>&nbsp;&nbsp;Correio da Manh\u00e3<\/li>\n<li><a href=\"https:\/\/news.google.com\/rss\/articles\/CBMinAFBVV95cUxPYXhyU3pKakFPaDV2MUpCOWxrT1ZtbGxYMXBkZ2kxaUNEdFBTbDQ4NVpDWlFNRDJhNkRFQWpDUk9kb1otVEdZNHBLNjNOUXFOSlQwMm5GYXdidkJBUGlSd3ZGdHlOUWRrM1NycDFEUVNFdFIzVlhabkNMNkJ6Vk9Udi1QWWU3amV5LW5FTUd3TGtBNnhsX0pDM21mREk?oc=5\" target=\"_blank\" rel=\"nofollow noopener\">Lojas de &#8220;fachada&#8221;. Fim do Licenciamento zero \u00e9 solu\u00e7\u00e3o?<\/a>&nbsp;&nbsp;Observador<\/li>\n<li><a href=\"https:\/\/news.google.com\/rss\/articles\/CBMinwFBVV95cUxPSTAxdTd0blIycGwxYVpqRGR0ZHBqNWpWWUVsN1liNmJjc0s4MUxmSnZQYmUwWnRtWXhxVV9NQzZ6aVVmY1hpdUxjZ09SaXJib0JHNTlyeDRiWlBFOUlwMl9VLW93ZE5ERzVOU0I3enBMOVExS1RmYng4R2RJU21sanpPT3VqN3BDcmtaaHA5UG40bWRCdnJkMDFfbnNqczg?oc=5\" target=\"_blank\" rel=\"nofollow noopener\">GOVERNO PREPARA MUDAN\u00c7AS PARA TRAVAR LOJAS DE FACHADA LIGADAS \u00c0 IMIGRA\u00c7\u00c3O<\/a>&nbsp;&nbsp;jornalonline.pt<\/li>\n<li><a href=\"https:\/\/news.google.com\/rss\/articles\/CBMiywFBVV95cUxOYzNLaThCMmtNdmNTMEd5dnBXWVZjVlJKd3JSUUpTNkYwdUFMdzI5QjhzeW10aUxmUXpwczdCSEFqV3d4RE5QUG1xaTdWT0doZm0xSmRlMUZ6aVhNTDJ1NlZWeXVzcGdMdC1OTU5jaU8zQ05MbVZTRU43cF92MHY1VGVLLU1jSFNLc0RvZGJ4bWVmaXdtVHBlcnhPTzlpaDlzdnVEUXdVbGsybC04T2JWTHBZVUlfWF9UbU5YQlhsMDBYMWhGaVNVQktnWQ?oc=5\" target=\"_blank\" rel=\"nofollow noopener\">Imigra\u00e7\u00e3o ilegal em Lisboa: \u00abLojas servem tamb\u00e9m de dormit\u00f3rio sem qualquer tipo de condi\u00e7\u00f5es\u00bb<\/a>&nbsp;&nbsp;Now Canal<\/li>\n<li><a href=\"https:\/\/news.google.com\/rss\/articles\/CBMisAFBVV95cUxOTWd5TXN0b3pXSDMtekt4N2U3WHdiUElFUk5qYU15YzVoSGJSeWJSeU95REczYnF2aGYxQnZEVUFFa3ZMM3dzT0VJZTBxT1hLbXdlSVhHaWNXU1F4VDVZOHVXNzlTdmtQXzVLb3RuOFB3Ukg4bW5uVTh2RHFXcTlVTXBjWUJGVC0xcHNZRHEwQmJjSFNMWjFpdV9kRHE0S1RfaERha0dvNjBscnlRNUhFZw?oc=5\" target=\"_blank\" rel=\"nofollow noopener\">Governo prepara medidas para travar \u2018lojas de fachada\u2019 usadas em imigra\u00e7\u00e3o ilegal<\/a>&nbsp;&nbsp;ECO<\/li>\n<\/ol>\n","protected":false},"excerpt":{"rendered":"Governo prepara medidas contra lojas de fachada&nbsp;&nbsp;Correio da Manh\u00e3 Lojas de &#8220;fachada&#8221;. Fim do Licenciamento zero \u00e9 solu\u00e7\u00e3o?&nbsp;&nbsp;Observador&hellip;\n","protected":false},"author":2,"featured_media":491645,"comment_status":"","ping_status":"","sticky":false,"template":"","format":"standard","meta":{"footnotes":"","_share_on_mastodon":"0"},"categories":[10],"tags":[27,28,5408,3766,42900,1736,58785,15,16,14,25,26,797,21,22,11318,39207,12,13,19,20,18750,18043,462,32,33597,23,24,33,17,18,29,30,31],"class_list":["post-491644","post","type-post","status-publish","format-standard","has-post-thumbnail","category-portugal","tag-breaking-news","tag-breakingnews","tag-camara","tag-carlos-moedas","tag-cds-partido-popular","tag-chega","tag-contratos-da-presidencia","tag-featured-news","tag-featurednews","tag-headlines","tag-latest-news","tag-latestnews","tag-lisboa","tag-main-news","tag-mainnews","tag-manuel-castro-almeida","tag-ministro-da-presidencia","tag-news","tag-noticias","tag-noticias-principais","tag-noticiasprincipais","tag-partido-social-democrata","tag-pedro-duarte","tag-porto","tag-portugal","tag-presidente-da-camara","tag-principais-noticias","tag-principaisnoticias","tag-pt","tag-top-stories","tag-topstories","tag-ultimas","tag-ultimas-noticias","tag-ultimasnoticias"],"share_on_mastodon":{"url":"","error":"Validation failed: Text character limit of 500 exceeded"},"_links":{"self":[{"href":"https:\/\/www.europesays.com\/pt\/wp-json\/wp\/v2\/posts\/491644","targetHints":{"allow":["GET"]}}],"collection":[{"href":"https:\/\/www.europesays.com\/pt\/wp-json\/wp\/v2\/posts"}],"about":[{"href":"https:\/\/www.europesays.com\/pt\/wp-json\/wp\/v2\/types\/post"}],"author":[{"embeddable":true,"href":"https:\/\/www.europesays.com\/pt\/wp-json\/wp\/v2\/users\/2"}],"replies":[{"embeddable":true,"href":"https:\/\/www.europesays.com\/pt\/wp-json\/wp\/v2\/comments?post=491644"}],"version-history":[{"count":0,"href":"https:\/\/www.europesays.com\/pt\/wp-json\/wp\/v2\/posts\/491644\/revisions"}],"wp:featuredmedia":[{"embeddable":true,"href":"https:\/\/www.europesays.com\/pt\/wp-json\/wp\/v2\/media\/491645"}],"wp:attachment":[{"href":"https:\/\/www.europesays.com\/pt\/wp-json\/wp\/v2\/media?parent=491644"}],"wp:term":[{"taxonomy":"category","embeddable":true,"href":"https:\/\/www.europesays.com\/pt\/wp-json\/wp\/v2\/categories?post=491644"},{"taxonomy":"post_tag","embeddable":true,"href":"https:\/\/www.europesays.com\/pt\/wp-json\/wp\/v2\/tags?post=491644"}],"curies":[{"name":"wp","href":"https:\/\/api.w.org\/{rel}","templated":true}]}}