{"id":491672,"date":"2026-08-18T20:10:17","date_gmt":"2026-08-18T20:10:17","guid":{"rendered":"https:\/\/www.europesays.com\/pt\/491672\/"},"modified":"2026-08-18T20:10:17","modified_gmt":"2026-08-18T20:10:17","slug":"fim-de-guerra-a-vista-presidente-do-corinthians-confirma-renovacao-de-depay","status":"publish","type":"post","link":"https:\/\/www.europesays.com\/pt\/491672\/","title":{"rendered":"Fim de guerra \u00e0 vista: presidente do Corinthians confirma renova\u00e7\u00e3o de Depay"},"content":{"rendered":"<p>H\u00e1 fumo branco para o final da guerra que se instalava em S\u00e3o Paulo, no Brasil.\u00a0Osmar Stabile, presidente do Corinthians, confirmou que vai renovar com\u00a0Memphis Depay &#8211; depois de uma semana atribulada.<\/p>\n<p>O clube s\u00e3o-paulino come\u00e7ou por anunciar que <a href=\"https:\/\/maisfutebol.iol.pt\/transferencias\/memphis-depay\/memphis-depay-deixa-o-corinthians-clube-justifica-se-com-a-saude-financeira\" rel=\"nofollow noopener\" target=\"_blank\">n\u00e3o renovaria com o jogador<\/a>, devido \u00e0 \u00absa\u00fade financeira\u00bb. Depay reagiu prontamente, garantindo que <a href=\"https:\/\/maisfutebol.iol.pt\/internacional\/corinthians\/depay-critica-direcao-do-corinthians-nao-vou-deixar-que-fiquem-impunes\" rel=\"nofollow noopener\" target=\"_blank\">n\u00e3o deixaria o clube passar impune.<\/a><\/p>\n<p>Ora, na noite desta segunda-feira, o dirigente do Corinthians garantiu que chegaram a um acordo at\u00e9 2028.\u00a0<\/p>\n<p>\u00abEu n\u00e3o queria falar em n\u00fameros, mas ele baixou consideravelmente o contrato. Pelo que eu senti e pelo trabalho que fizemos, na parte jur\u00eddica, administrativa e financeira, \u00e9 poss\u00edvel pagar o contrato\u00bb, referiu Osmar Stabile \u00e0 imprensa brasileira.\u00a0<\/p>\n<p>A expectativa \u00e9 que Depay se junte \u00e0 equipa no centro de treinos j\u00e1 nesta ter\u00e7a-feira.\u00a0<\/p>\n","protected":false},"excerpt":{"rendered":"H\u00e1 fumo branco para o final da guerra que se instalava em S\u00e3o Paulo, no Brasil.\u00a0Osmar Stabile, presidente&hellip;\n","protected":false},"author":2,"featured_media":491673,"comment_status":"","ping_status":"","sticky":false,"template":"","format":"standard","meta":{"footnotes":"","_share_on_mastodon":"0"},"categories":[87],"tags":[726,7184,135,82,46,40,15889,42,41,32,33,47,3782,134],"class_list":["post-491672","post","type-post","status-publish","format-standard","has-post-thumbnail","category-desporto","tag-brasil","tag-corinthians","tag-desporto","tag-internacional","tag-maisfutebol","tag-maistransferencias","tag-memphis-depay","tag-mercado","tag-mercado-de-transferencias","tag-portugal","tag-pt","tag-pura-paixao","tag-renovacao","tag-sports"],"share_on_mastodon":{"url":"https:\/\/pubeurope.com\/@pt\/117118331943502145","error":""},"_links":{"self":[{"href":"https:\/\/www.europesays.com\/pt\/wp-json\/wp\/v2\/posts\/491672","targetHints":{"allow":["GET"]}}],"collection":[{"href":"https:\/\/www.europesays.com\/pt\/wp-json\/wp\/v2\/posts"}],"about":[{"href":"https:\/\/www.europesays.com\/pt\/wp-json\/wp\/v2\/types\/post"}],"author":[{"embeddable":true,"href":"https:\/\/www.europesays.com\/pt\/wp-json\/wp\/v2\/users\/2"}],"replies":[{"embeddable":true,"href":"https:\/\/www.europesays.com\/pt\/wp-json\/wp\/v2\/comments?post=491672"}],"version-history":[{"count":0,"href":"https:\/\/www.europesays.com\/pt\/wp-json\/wp\/v2\/posts\/491672\/revisions"}],"wp:featuredmedia":[{"embeddable":true,"href":"https:\/\/www.europesays.com\/pt\/wp-json\/wp\/v2\/media\/491673"}],"wp:attachment":[{"href":"https:\/\/www.europesays.com\/pt\/wp-json\/wp\/v2\/media?parent=491672"}],"wp:term":[{"taxonomy":"category","embeddable":true,"href":"https:\/\/www.europesays.com\/pt\/wp-json\/wp\/v2\/categories?post=491672"},{"taxonomy":"post_tag","embeddable":true,"href":"https:\/\/www.europesays.com\/pt\/wp-json\/wp\/v2\/tags?post=491672"}],"curies":[{"name":"wp","href":"https:\/\/api.w.org\/{rel}","templated":true}]}}