{"id":491686,"date":"2026-08-18T20:20:21","date_gmt":"2026-08-18T20:20:21","guid":{"rendered":"https:\/\/www.europesays.com\/pt\/491686\/"},"modified":"2026-08-18T20:20:21","modified_gmt":"2026-08-18T20:20:21","slug":"filha-de-um-dos-maiores-craques-do-futebol-portugues-ja-tem-27-anos-e-e-medica-noticias-de-hoje","status":"publish","type":"post","link":"https:\/\/www.europesays.com\/pt\/491686\/","title":{"rendered":"Filha de um dos maiores craques do futebol portugu\u00eas j\u00e1 tem 27 anos e \u00e9 m\u00e9dica | Not\u00edcias de hoje"},"content":{"rendered":"<p>Daniela Svedin Figo, uma das filhas de Lu\u00eds Figo e Helen Svedin, j\u00e1 tem 27 anos e vale a pena percorrer as suas fotografias para observar os detalhes de um estilo s\u00f3brio e de pendor aristocr\u00e1tico. <\/p>\n<p>Daniela, que elogia com frqu\u00eancia as suas raizes portuguesas e suecas, nasceu e cresceu em Espanha. Recentemente, licenciou-se em Medicina, momento que motivou publica\u00e7\u00f5es e mensagens de elogio por parte do pai, da m\u00e3e e das irm\u00e3s. <\/p>\n<p>A jovem \u00e9 a filha mais velha do casal, que tem ainda Stella e Martina, atualmente com 21 e 24 anos, respetivamente. Ao longo dos anos, as tr\u00eas irm\u00e3s foram sempre partilhando momentos de grande uni\u00e3o.<\/p>\n<p>Nesta galeria, recordamos Daniela Svedin Figo ao longo dos anos e mostramos como est\u00e1 atualmente, aos 27 anos, numa fase marcada pela concretiza\u00e7\u00e3o de um importante objetivo profissional.<\/p>\n","protected":false},"excerpt":{"rendered":"Daniela Svedin Figo, uma das filhas de Lu\u00eds Figo e Helen Svedin, j\u00e1 tem 27 anos e vale&hellip;\n","protected":false},"author":2,"featured_media":491687,"comment_status":"","ping_status":"","sticky":false,"template":"","format":"standard","meta":{"footnotes":"","_share_on_mastodon":"0"},"categories":[145],"tags":[3890,211,210,78585,114,115,78586,488,13,32,33],"class_list":["post-491686","post","type-post","status-publish","format-standard","has-post-thumbnail","category-celebridades","tag-antes-e-depois","tag-celebridades","tag-celebrities","tag-daniela-figo","tag-entertainment","tag-entretenimento","tag-filhas-figo","tag-iol","tag-noticias","tag-portugal","tag-pt"],"share_on_mastodon":{"url":"https:\/\/pubeurope.com\/@pt\/117118371578156796","error":""},"_links":{"self":[{"href":"https:\/\/www.europesays.com\/pt\/wp-json\/wp\/v2\/posts\/491686","targetHints":{"allow":["GET"]}}],"collection":[{"href":"https:\/\/www.europesays.com\/pt\/wp-json\/wp\/v2\/posts"}],"about":[{"href":"https:\/\/www.europesays.com\/pt\/wp-json\/wp\/v2\/types\/post"}],"author":[{"embeddable":true,"href":"https:\/\/www.europesays.com\/pt\/wp-json\/wp\/v2\/users\/2"}],"replies":[{"embeddable":true,"href":"https:\/\/www.europesays.com\/pt\/wp-json\/wp\/v2\/comments?post=491686"}],"version-history":[{"count":0,"href":"https:\/\/www.europesays.com\/pt\/wp-json\/wp\/v2\/posts\/491686\/revisions"}],"wp:featuredmedia":[{"embeddable":true,"href":"https:\/\/www.europesays.com\/pt\/wp-json\/wp\/v2\/media\/491687"}],"wp:attachment":[{"href":"https:\/\/www.europesays.com\/pt\/wp-json\/wp\/v2\/media?parent=491686"}],"wp:term":[{"taxonomy":"category","embeddable":true,"href":"https:\/\/www.europesays.com\/pt\/wp-json\/wp\/v2\/categories?post=491686"},{"taxonomy":"post_tag","embeddable":true,"href":"https:\/\/www.europesays.com\/pt\/wp-json\/wp\/v2\/tags?post=491686"}],"curies":[{"name":"wp","href":"https:\/\/api.w.org\/{rel}","templated":true}]}}