{"id":491876,"date":"2026-08-18T22:47:18","date_gmt":"2026-08-18T22:47:18","guid":{"rendered":"https:\/\/www.europesays.com\/pt\/491876\/"},"modified":"2026-08-18T22:47:18","modified_gmt":"2026-08-18T22:47:18","slug":"filho-morre-durante-viagem-de-carro-e-pais-so-percebem-100-quilometros-depois","status":"publish","type":"post","link":"https:\/\/www.europesays.com\/pt\/491876\/","title":{"rendered":"Filho morre durante viagem de carro e pais s\u00f3 percebem 100 quil\u00f3metros depois"},"content":{"rendered":"<p>Uma viagem de carro em fam\u00edlia terminou em trag\u00e9dia no norte de It\u00e1lia. Um homem de 31 anos morreu durante o percurso e os pais s\u00f3 se aperceberam do que tinha acontecido cerca de 100 quil\u00f3metros depois.<\/p>\n<p>O epis\u00f3dio aconteceu na manh\u00e3 do passado domingo, no tro\u00e7o da autoestrada A21 entre Casteggio e Vogera, na prov\u00edncia italiana de Pavia. A fam\u00edlia, de origem romena, seguia em dire\u00e7\u00e3o a Turim.<\/p>\n<p>O pai encontrava-se ao volante, a m\u00e3e viajava no lugar do pendura e o filho estava no banco traseiro. Durante a viagem, o homem deixou de responder aos pais, que ter\u00e3o pensado que estava simplesmente a dormir.<\/p>\n<p>Segundo o jornal italiano &#8220;MilanoToday&#8221;, os pais chegaram mesmo a tentar acord\u00e1-lo, mas n\u00e3o obtiveram qualquer resposta. Apenas depois de terem percorrido cerca de 100 quil\u00f3metros, quando o pai decidiu parar numa \u00e1rea de servi\u00e7o, perceberam que algo estava errado. O homem continuava sem reagir e tinha perdido os sinais vitais.<\/p>\n<p>Os pais contactaram ent\u00e3o o servi\u00e7o de emerg\u00eancia m\u00e9dica italiano, o 118, por volta das 7h30. Os profissionais deslocaram-se ao local, mas j\u00e1 n\u00e3o conseguiram reanimar o homem, tendo a morte sido confirmada.<\/p>\n<p>De acordo com o relato feito pelos pais \u00e0s autoridades, as \u00faltimas palavras do filho ter\u00e3o sido proferidas cerca de 100 quil\u00f3metros antes de a fam\u00edlia parar.<\/p>\n<p>O homem tinha alguns problemas card\u00edacos, informa\u00e7\u00e3o que foi transmitida aos servi\u00e7os de emerg\u00eancia.<\/p>\n<p>As primeiras indica\u00e7\u00f5es apontam para a possibilidade de ter sofrido um problema de sa\u00fade s\u00fabito durante a viagem. Alguns meios de comunica\u00e7\u00e3o italianos avan\u00e7aram ainda que poder\u00e1 ter sofrido um ataque card\u00edaco enquanto dormia.<\/p>\n<p>A causa exata da morte dever\u00e1, contudo, ser determinada pelas autoridades competentes.<\/p>\n","protected":false},"excerpt":{"rendered":"Uma viagem de carro em fam\u00edlia terminou em trag\u00e9dia no norte de It\u00e1lia. Um homem de 31 anos&hellip;\n","protected":false},"author":2,"featured_media":491877,"comment_status":"","ping_status":"","sticky":false,"template":"","format":"standard","meta":{"footnotes":"","_share_on_mastodon":"0"},"categories":[50],"tags":[27,28,980,15,16,14,4235,82,25,26,21,22,1437,62,12,13,19,20,23,24,1012,17,18,7343,29,30,31,63,64,65],"class_list":["post-491876","post","type-post","status-publish","format-standard","has-post-thumbnail","category-mundo","tag-breaking-news","tag-breakingnews","tag-famosos","tag-featured-news","tag-featurednews","tag-headlines","tag-insolito","tag-internacional","tag-latest-news","tag-latestnews","tag-main-news","tag-mainnews","tag-morte","tag-mundo","tag-news","tag-noticias","tag-noticias-principais","tag-noticiasprincipais","tag-principais-noticias","tag-principaisnoticias","tag-selfie","tag-top-stories","tag-topstories","tag-tragedia","tag-ultimas","tag-ultimas-noticias","tag-ultimasnoticias","tag-world","tag-world-news","tag-worldnews"],"share_on_mastodon":{"url":"https:\/\/pubeurope.com\/@pt\/117118949367928928","error":""},"_links":{"self":[{"href":"https:\/\/www.europesays.com\/pt\/wp-json\/wp\/v2\/posts\/491876","targetHints":{"allow":["GET"]}}],"collection":[{"href":"https:\/\/www.europesays.com\/pt\/wp-json\/wp\/v2\/posts"}],"about":[{"href":"https:\/\/www.europesays.com\/pt\/wp-json\/wp\/v2\/types\/post"}],"author":[{"embeddable":true,"href":"https:\/\/www.europesays.com\/pt\/wp-json\/wp\/v2\/users\/2"}],"replies":[{"embeddable":true,"href":"https:\/\/www.europesays.com\/pt\/wp-json\/wp\/v2\/comments?post=491876"}],"version-history":[{"count":0,"href":"https:\/\/www.europesays.com\/pt\/wp-json\/wp\/v2\/posts\/491876\/revisions"}],"wp:featuredmedia":[{"embeddable":true,"href":"https:\/\/www.europesays.com\/pt\/wp-json\/wp\/v2\/media\/491877"}],"wp:attachment":[{"href":"https:\/\/www.europesays.com\/pt\/wp-json\/wp\/v2\/media?parent=491876"}],"wp:term":[{"taxonomy":"category","embeddable":true,"href":"https:\/\/www.europesays.com\/pt\/wp-json\/wp\/v2\/categories?post=491876"},{"taxonomy":"post_tag","embeddable":true,"href":"https:\/\/www.europesays.com\/pt\/wp-json\/wp\/v2\/tags?post=491876"}],"curies":[{"name":"wp","href":"https:\/\/api.w.org\/{rel}","templated":true}]}}