{"id":491890,"date":"2026-08-18T22:59:27","date_gmt":"2026-08-18T22:59:27","guid":{"rendered":"https:\/\/www.europesays.com\/pt\/491890\/"},"modified":"2026-08-18T22:59:27","modified_gmt":"2026-08-18T22:59:27","slug":"rui-filipe-fala-sobre-a-mudanca-de-visual-de-quinita-e-deixa-julia-pinheiro-surpreendida","status":"publish","type":"post","link":"https:\/\/www.europesays.com\/pt\/491890\/","title":{"rendered":"Rui Filipe fala sobre a mudan\u00e7a de visual de Quinita e deixa J\u00falia Pinheiro surpreendida"},"content":{"rendered":"<p>Com um sentido de humor apurado, Rui Filipe fez confiss\u00f5es sobre o novo visual de Quinita.<\/p>\n<p>O tema que tem alimentado os boatos nas redes sociais n\u00e3o passou ao lado da conversa no programa \u00abJ\u00falia\u00bb: a aproxima\u00e7\u00e3o entre Rui Filipe e Quinita. Conhecido pela sua atra\u00e7\u00e3o por mulheres mais maduras, o ex-participante de \u00abCasados \u00e0 Primeira Vista\u00bb <strong>deixou no ar a hip\u00f3tese de uma rela\u00e7\u00e3o especial, ao reagir com um largo sorriso quando o nome da ic\u00f3nica participante foi mencionado.<\/strong><\/p>\n<p style=\"text-align:center;margin:28px 0;\"><a href=\"https:\/\/www.google.com\/preferences\/source?q=dioguinho.com\" target=\"_blank\" rel=\"nofollow noopener\" style=\"display:inline-flex !important;align-items:center !important;gap:8px;padding:10px 18px;background:#ffffff;border:1px solid #dadce0;border-radius:999px;color:#3c4043;font-family:Roboto,Arial,sans-serif;font-size:15px;font-weight:700;text-decoration:none;line-height:1.3;box-sizing:border-box;max-width:100%;\"><img loading=\"lazy\" decoding=\"async\" title=\"Novo Fonte preferida no Google\" src=\"https:\/\/www.europesays.com\/pt\/wp-content\/uploads\/2026\/08\/1787093967_504_googleg_48dp.png\" alt=\"Google\" width=\"18\" height=\"18\" style=\"display:inline-block !important;flex-shrink:0 !important;vertical-align:middle !important;margin:0 !important;border:0 !important;width:18px !important;height:18px !important;float:none !important;\"\/>Tornar o Dioguinho a tua fonte preferida no Google<\/a><\/p>\n<p><strong>Leia tamb\u00e9m: <a style=\"color: #ff0000;\" href=\"https:\/\/dioguinho.com\/frase-de-zulmira-garrido-instala-bate-boca-com-joana-latino-saiba-o-que-foi-dito-sobre-pedro-teixeiro\/\" target=\"_blank\" rel=\"noopener nofollow\">Frase de Zulmira Garrido instala bate-boca com Joana Latino! Saiba o que foi dito sobre Pedro Teixeiro<\/a><\/strong><\/p>\n<p>\u201c<strong>Sou a pessoa mais feliz do mundo. Para mim, a bom entendedor, meia palavra basta<\/strong>\u201c, atirou o convidado, provocando a curiosidade de J\u00falia Pinheiro. Pressionado a desvendar mais pormenores, Rui Filipe confessou manter contacto di\u00e1rio. \u201c<strong>Todos os dias falo com a Quinita (\u2026) tem estado muitas vezes em Paredes, porque eu tenho ajudado o V\u00edtor na festa em Paredes<\/strong>\u201c.<\/p>\n<p>O ex-noivo n\u00e3o poupou elogios \u00e0 antiga participante, sublinhando as afinidades entre os dois. \u201c<strong>A Quinita \u00e9 uma pessoa com quem me identifico bastante, \u00e9 uma pessoa que faz muito o meu estilo. E pronto, eu deixo na cabe\u00e7a das pessoas pensarem se temos ou n\u00e3o uma rela\u00e7\u00e3o. Eu sou a pessoa mais feliz do mundo, e se tiver a oportunidade de falar com a Quinita, ela ir\u00e1 responder o mesmo<\/strong>\u201c.<\/p>\n<p><strong>Leia tamb\u00e9m: <a style=\"color: #ff0000;\" href=\"https:\/\/dioguinho.com\/jorge-gabriel-chega-a-acordo-com-a-rtp-e-fixa-novo-salario-saiba-quanto\/\" target=\"_blank\" rel=\"noopener nofollow\">Jorge Gabriel chega a acordo com a RTP e fixa novo sal\u00e1rio. Saiba quanto!<\/a><\/strong><\/p>\n<p>O momento mais divertido da conversa ocorreu quando J\u00falia Pinheiro elogiou a transforma\u00e7\u00e3o f\u00edsica e a renova\u00e7\u00e3o de visual de Quinita, o que motivou uma rea\u00e7\u00e3o caricata do entrevistado. \u201c<strong>Ficou mais nova, por amor de Deus, J\u00falia! Foi-me estragar a mulher! Eu gosto e costumo muito brincar com a Quinita: \u2018se isto, o que sentissem por ti, j\u00e1 est\u00e1 a diminuir, porque assim, est\u00e1s mais jovem, n\u00e3o gosto de mais jovem\u2019<\/strong>\u201c, rematou, entre risos.<\/p>\n","protected":false},"excerpt":{"rendered":"Com um sentido de humor apurado, Rui Filipe fez confiss\u00f5es sobre o novo visual de Quinita. O tema&hellip;\n","protected":false},"author":2,"featured_media":491891,"comment_status":"","ping_status":"","sticky":false,"template":"","format":"standard","meta":{"footnotes":"","_share_on_mastodon":"0"},"categories":[85],"tags":[59390,114,115,31907,32,33,59386,1014,1016,59141,1751],"class_list":["post-491890","post","type-post","status-publish","format-standard","has-post-thumbnail","category-entretenimento","tag-casados-u00e0-primeira-vista","tag-entertainment","tag-entretenimento","tag-julia-pinheiro","tag-portugal","tag-pt","tag-quinita","tag-reality-show","tag-romance","tag-rui-filipe","tag-sic"],"share_on_mastodon":{"url":"https:\/\/pubeurope.com\/@pt\/117118997427699298","error":""},"_links":{"self":[{"href":"https:\/\/www.europesays.com\/pt\/wp-json\/wp\/v2\/posts\/491890","targetHints":{"allow":["GET"]}}],"collection":[{"href":"https:\/\/www.europesays.com\/pt\/wp-json\/wp\/v2\/posts"}],"about":[{"href":"https:\/\/www.europesays.com\/pt\/wp-json\/wp\/v2\/types\/post"}],"author":[{"embeddable":true,"href":"https:\/\/www.europesays.com\/pt\/wp-json\/wp\/v2\/users\/2"}],"replies":[{"embeddable":true,"href":"https:\/\/www.europesays.com\/pt\/wp-json\/wp\/v2\/comments?post=491890"}],"version-history":[{"count":0,"href":"https:\/\/www.europesays.com\/pt\/wp-json\/wp\/v2\/posts\/491890\/revisions"}],"wp:featuredmedia":[{"embeddable":true,"href":"https:\/\/www.europesays.com\/pt\/wp-json\/wp\/v2\/media\/491891"}],"wp:attachment":[{"href":"https:\/\/www.europesays.com\/pt\/wp-json\/wp\/v2\/media?parent=491890"}],"wp:term":[{"taxonomy":"category","embeddable":true,"href":"https:\/\/www.europesays.com\/pt\/wp-json\/wp\/v2\/categories?post=491890"},{"taxonomy":"post_tag","embeddable":true,"href":"https:\/\/www.europesays.com\/pt\/wp-json\/wp\/v2\/tags?post=491890"}],"curies":[{"name":"wp","href":"https:\/\/api.w.org\/{rel}","templated":true}]}}