{"id":492020,"date":"2026-08-19T01:28:21","date_gmt":"2026-08-19T01:28:21","guid":{"rendered":"https:\/\/www.europesays.com\/pt\/492020\/"},"modified":"2026-08-19T01:28:21","modified_gmt":"2026-08-19T01:28:21","slug":"antonio-jose-seguro-e-o-17-o-mais-poderoso-de-2026-poderosos-2026","status":"publish","type":"post","link":"https:\/\/www.europesays.com\/pt\/492020\/","title":{"rendered":"Ant\u00f3nio Jos\u00e9 Seguro \u00e9 o 17.\u00ba Mais Poderoso de 2026 &#8211; Poderosos 2026"},"content":{"rendered":"<p>                            Bilhete de Identidade<\/p>\n<p><strong>Cargo: <\/strong>Presidente da Rep\u00fablica. \u00a0<br \/><strong>Naturalidade:<\/strong> Nasceu a 11 de mar\u00e7o de 1962, em Penamacor. \u00a0<br \/><strong>Forma\u00e7\u00e3o:<\/strong> Licenciado em Rela\u00e7\u00f5es Internacionais, mestre em Ci\u00eancia Pol\u00edtica e doutorando em Ci\u00eancia Pol\u00edtica.<br \/><strong>Cargos anteriores:<\/strong> Professor universit\u00e1rio, secret\u00e1rio-geral do PS, eurodeputado, ministro e secret\u00e1rio de Estado. \u00a0<br \/><strong>Fam\u00edlia: <\/strong>\u00c9 casado e tem dois filhos.<\/p>\n","protected":false},"excerpt":{"rendered":"Bilhete de Identidade Cargo: Presidente da Rep\u00fablica. \u00a0Naturalidade: Nasceu a 11 de mar\u00e7o de 1962, em Penamacor. \u00a0Forma\u00e7\u00e3o:&hellip;\n","protected":false},"author":2,"featured_media":492021,"comment_status":"","ping_status":"","sticky":false,"template":"","format":"standard","meta":{"footnotes":"","_share_on_mastodon":"0"},"categories":[8],"tags":[3399,4508,27,28,22048,43930,15,16,14,53288,25,26,21,22,39207,12,13,19,20,18750,15086,32,14937,23,24,33,54904,17,18,29,30,31],"class_list":["post-492020","post","type-post","status-publish","format-standard","has-post-thumbnail","category-principais-noticias","tag-antonio-jose-seguro","tag-belem","tag-breaking-news","tag-breakingnews","tag-caldas-da-rainha","tag-candidato-a-presidencia-da-republica","tag-featured-news","tag-featurednews","tag-headlines","tag-iscte-instituto-universitario-de-lisboa","tag-latest-news","tag-latestnews","tag-main-news","tag-mainnews","tag-ministro-da-presidencia","tag-news","tag-noticias","tag-noticias-principais","tag-noticiasprincipais","tag-partido-social-democrata","tag-partido-socialista","tag-portugal","tag-presidencia-da-republica","tag-principais-noticias","tag-principaisnoticias","tag-pt","tag-tomada-de-posse-presidente-da-republica","tag-top-stories","tag-topstories","tag-ultimas","tag-ultimas-noticias","tag-ultimasnoticias"],"share_on_mastodon":{"url":"","error":"Validation failed: Text character limit of 500 exceeded"},"_links":{"self":[{"href":"https:\/\/www.europesays.com\/pt\/wp-json\/wp\/v2\/posts\/492020","targetHints":{"allow":["GET"]}}],"collection":[{"href":"https:\/\/www.europesays.com\/pt\/wp-json\/wp\/v2\/posts"}],"about":[{"href":"https:\/\/www.europesays.com\/pt\/wp-json\/wp\/v2\/types\/post"}],"author":[{"embeddable":true,"href":"https:\/\/www.europesays.com\/pt\/wp-json\/wp\/v2\/users\/2"}],"replies":[{"embeddable":true,"href":"https:\/\/www.europesays.com\/pt\/wp-json\/wp\/v2\/comments?post=492020"}],"version-history":[{"count":0,"href":"https:\/\/www.europesays.com\/pt\/wp-json\/wp\/v2\/posts\/492020\/revisions"}],"wp:featuredmedia":[{"embeddable":true,"href":"https:\/\/www.europesays.com\/pt\/wp-json\/wp\/v2\/media\/492021"}],"wp:attachment":[{"href":"https:\/\/www.europesays.com\/pt\/wp-json\/wp\/v2\/media?parent=492020"}],"wp:term":[{"taxonomy":"category","embeddable":true,"href":"https:\/\/www.europesays.com\/pt\/wp-json\/wp\/v2\/categories?post=492020"},{"taxonomy":"post_tag","embeddable":true,"href":"https:\/\/www.europesays.com\/pt\/wp-json\/wp\/v2\/tags?post=492020"}],"curies":[{"name":"wp","href":"https:\/\/api.w.org\/{rel}","templated":true}]}}