{"id":492286,"date":"2026-08-19T07:57:16","date_gmt":"2026-08-19T07:57:16","guid":{"rendered":"https:\/\/www.europesays.com\/pt\/492286\/"},"modified":"2026-08-19T07:57:16","modified_gmt":"2026-08-19T07:57:16","slug":"lagarde-mata-negocio-entre-montepio-e-rauva-banca-financas","status":"publish","type":"post","link":"https:\/\/www.europesays.com\/pt\/492286\/","title":{"rendered":"Lagarde mata neg\u00f3cio entre Montepio e Rauva &#8211; Banca &#038; Finan\u00e7as"},"content":{"rendered":"<p class=\"\">&#13;<br \/>\n        Para o Banco Montepio, \u00e9 uma receita\u00a0potencial  de 30 a 35 milh\u00f5es de euros que n\u00e3o se concretiza. Para a Rauva, \u00e9 o fim \u2013 n\u00e3o \u00e9 claro se definitivo \u2013 da ambi\u00e7\u00e3o de conceder cr\u00e9dito. Ambos resultam da decis\u00e3o do Banco Central Europeu (BCE) de <b>revogar a licen\u00e7a banc\u00e1ria do banco de investimento do Montepio<\/b>, que operou com a designa\u00e7\u00e3o comercial BEM &#8211; Banco Empresas Montepio, e cuja venda \u00e0 &#8220;fintech&#8221; foi anunciada em 2023. &#13;\n    <\/p>\n","protected":false},"excerpt":{"rendered":"&#13; Para o Banco Montepio, \u00e9 uma receita\u00a0potencial de 30 a 35 milh\u00f5es de euros que n\u00e3o se&hellip;\n","protected":false},"author":2,"featured_media":492287,"comment_status":"","ping_status":"","sticky":false,"template":"","format":"standard","meta":{"footnotes":"","_share_on_mastodon":"0"},"categories":[83],"tags":[4948,88,40955,89,90,59487,16648,64456,32,33],"class_list":["post-492286","post","type-post","status-publish","format-standard","has-post-thumbnail","category-empresas","tag-banco-montepio","tag-business","tag-credito-e-divida","tag-economy","tag-empresas","tag-mil-milhoes-de-euros","tag-milhoes","tag-milhoes-de-euros","tag-portugal","tag-pt"],"share_on_mastodon":{"url":"https:\/\/pubeurope.com\/@pt\/117121112305000289","error":""},"_links":{"self":[{"href":"https:\/\/www.europesays.com\/pt\/wp-json\/wp\/v2\/posts\/492286","targetHints":{"allow":["GET"]}}],"collection":[{"href":"https:\/\/www.europesays.com\/pt\/wp-json\/wp\/v2\/posts"}],"about":[{"href":"https:\/\/www.europesays.com\/pt\/wp-json\/wp\/v2\/types\/post"}],"author":[{"embeddable":true,"href":"https:\/\/www.europesays.com\/pt\/wp-json\/wp\/v2\/users\/2"}],"replies":[{"embeddable":true,"href":"https:\/\/www.europesays.com\/pt\/wp-json\/wp\/v2\/comments?post=492286"}],"version-history":[{"count":0,"href":"https:\/\/www.europesays.com\/pt\/wp-json\/wp\/v2\/posts\/492286\/revisions"}],"wp:featuredmedia":[{"embeddable":true,"href":"https:\/\/www.europesays.com\/pt\/wp-json\/wp\/v2\/media\/492287"}],"wp:attachment":[{"href":"https:\/\/www.europesays.com\/pt\/wp-json\/wp\/v2\/media?parent=492286"}],"wp:term":[{"taxonomy":"category","embeddable":true,"href":"https:\/\/www.europesays.com\/pt\/wp-json\/wp\/v2\/categories?post=492286"},{"taxonomy":"post_tag","embeddable":true,"href":"https:\/\/www.europesays.com\/pt\/wp-json\/wp\/v2\/tags?post=492286"}],"curies":[{"name":"wp","href":"https:\/\/api.w.org\/{rel}","templated":true}]}}