{"id":492358,"date":"2026-08-19T09:29:15","date_gmt":"2026-08-19T09:29:15","guid":{"rendered":"https:\/\/www.europesays.com\/pt\/492358\/"},"modified":"2026-08-19T09:29:15","modified_gmt":"2026-08-19T09:29:15","slug":"assista-a-integra-do-jornal-da-record-23","status":"publish","type":"post","link":"https:\/\/www.europesays.com\/pt\/492358\/","title":{"rendered":"Assista \u00e0 \u00edntegra do Jornal da Record"},"content":{"rendered":"<p class=\"jarvics:base-text-neutral-high-400 xovem:base-text-dark-high-400 base-text-[calc(theme(fontSize.xs)_*_var(--font-size,_1))] base-font-normal base-font-primary base-text-neutral-low-500 base-text-left\">Confira na edi\u00e7\u00e3o do Jornal da Record desta ter\u00e7a-feira (18): Pol\u00edcia mata chefe de fac\u00e7\u00e3o e faz opera\u00e7\u00e3o para conter avan\u00e7o do tr\u00e1fico no RJ. A apreens\u00e3o de 700 quilos de coca\u00edna em sacos de caf\u00e9 no Porto de Santos (SP). Voc\u00ea vai saber tamb\u00e9m qual \u00e9 o golpe que faz mais v\u00edtimas no Brasil. Gigante da tecnologia vai a julgamento por manipula\u00e7\u00e3o de crian\u00e7as e adolescentes. Presa a  ladra especializada em roubar a bolsa queridinha das celebridades. Tribunal eleitoral acende o alerta para as manipula\u00e7\u00f5es de imagens nas campanhas. Calor, tempo seco e ventos multiplicam queimadas em Goi\u00e1s.<\/p>\n","protected":false},"excerpt":{"rendered":"Confira na edi\u00e7\u00e3o do Jornal da Record desta ter\u00e7a-feira (18): Pol\u00edcia mata chefe de fac\u00e7\u00e3o e faz opera\u00e7\u00e3o&hellip;\n","protected":false},"author":2,"featured_media":492359,"comment_status":"","ping_status":"","sticky":false,"template":"","format":"standard","meta":{"footnotes":"","_share_on_mastodon":"0"},"categories":[142],"tags":[78671,114,115,43806,4286,32,33,151],"class_list":["post-492358","post","type-post","status-publish","format-standard","has-post-thumbnail","category-tv","tag-18-08-2026","tag-entertainment","tag-entretenimento","tag-integra","tag-jornal-da-record","tag-portugal","tag-pt","tag-tv"],"share_on_mastodon":{"url":"https:\/\/pubeurope.com\/@pt\/117121473745122580","error":""},"_links":{"self":[{"href":"https:\/\/www.europesays.com\/pt\/wp-json\/wp\/v2\/posts\/492358","targetHints":{"allow":["GET"]}}],"collection":[{"href":"https:\/\/www.europesays.com\/pt\/wp-json\/wp\/v2\/posts"}],"about":[{"href":"https:\/\/www.europesays.com\/pt\/wp-json\/wp\/v2\/types\/post"}],"author":[{"embeddable":true,"href":"https:\/\/www.europesays.com\/pt\/wp-json\/wp\/v2\/users\/2"}],"replies":[{"embeddable":true,"href":"https:\/\/www.europesays.com\/pt\/wp-json\/wp\/v2\/comments?post=492358"}],"version-history":[{"count":0,"href":"https:\/\/www.europesays.com\/pt\/wp-json\/wp\/v2\/posts\/492358\/revisions"}],"wp:featuredmedia":[{"embeddable":true,"href":"https:\/\/www.europesays.com\/pt\/wp-json\/wp\/v2\/media\/492359"}],"wp:attachment":[{"href":"https:\/\/www.europesays.com\/pt\/wp-json\/wp\/v2\/media?parent=492358"}],"wp:term":[{"taxonomy":"category","embeddable":true,"href":"https:\/\/www.europesays.com\/pt\/wp-json\/wp\/v2\/categories?post=492358"},{"taxonomy":"post_tag","embeddable":true,"href":"https:\/\/www.europesays.com\/pt\/wp-json\/wp\/v2\/tags?post=492358"}],"curies":[{"name":"wp","href":"https:\/\/api.w.org\/{rel}","templated":true}]}}