{"id":492660,"date":"2026-08-19T14:41:22","date_gmt":"2026-08-19T14:41:22","guid":{"rendered":"https:\/\/www.europesays.com\/pt\/492660\/"},"modified":"2026-08-19T14:41:22","modified_gmt":"2026-08-19T14:41:22","slug":"noticia-caminhos-da-saude-imunizacao-quais-vacinas-os-adultos-precisam-manter-em-dia","status":"publish","type":"post","link":"https:\/\/www.europesays.com\/pt\/492660\/","title":{"rendered":"Not\u00edcia &#8211; Caminhos da Sa\u00fade \u2013 Imuniza\u00e7\u00e3o: quais vacinas os adultos precisam manter em dia?"},"content":{"rendered":"<p>Hepatite B, t\u00e9tano, difteria, febre amarela, sarampo, caxumba e rub\u00e9ola est\u00e3o entre as doen\u00e7as que podem ser prevenidas; confira as vacinas previstas para pessoas dos 25 aos 59 anos.<\/p>\n<p>Vacina n\u00e3o \u00e9 coisa s\u00f3 de crian\u00e7a. Mesmo depois de completar o calend\u00e1rio da inf\u00e2ncia e da adolesc\u00eancia, algumas prote\u00e7\u00f5es precisam ser mantidas ao longo da vida. Outras podem n\u00e3o ter sido recebidas no momento indicado e ainda precisam ser atualizadas.<\/p>\n<p>\u00a0<\/p>\n<p>Por isso, dos 25 aos 59 anos, a carteirinha de vacina\u00e7\u00e3o continua sendo um documento importante para cuidar da sa\u00fade.<\/p>\n<p>\u00a0<\/p>\n<p>No novo cap\u00edtulo da s\u00e9rie \u201cCaminhos da Sa\u00fade \u2013 Imuniza\u00e7\u00e3o\u201d, da Prefeitura de Botucatu, vamos explicar quais vacinas fazem parte do Calend\u00e1rio Nacional para adultos e contra quais doen\u00e7as elas protegem.<\/p>\n<p><strong>Hepatite B: tr\u00eas doses para completar a prote\u00e7\u00e3o<\/strong><\/p>\n<p>A hepatite B \u00e9 uma infec\u00e7\u00e3o viral que atinge o f\u00edgado e pode evoluir para formas cr\u00f4nicas da doen\u00e7a. Para os adultos, o Calend\u00e1rio Nacional prev\u00ea tr\u00eas doses da vacina contra a hepatite B, considerando o hist\u00f3rico vacinal.<\/p>\n<p>\u00a0<\/p>\n<p>A vacina tamb\u00e9m protege contra a hepatite D, j\u00e1 que esse v\u00edrus depende da presen\u00e7a do v\u00edrus da hepatite B para provocar a infec\u00e7\u00e3o.<\/p>\n<p>\u00a0<\/p>\n<p>Quem n\u00e3o sabe se completou o esquema deve levar a carteirinha \u00e0 unidade de sa\u00fade para avalia\u00e7\u00e3o.<\/p>\n<p><strong>dT: a vacina que precisa ser lembrada ao longo da vida<\/strong><\/p>\n<p>A vacina dT protege contra duas doen\u00e7as: difteria e t\u00e9tano. O t\u00e9tano pode ocorrer quando a bact\u00e9ria causadora da doen\u00e7a entra no organismo por ferimentos e pode provocar contra\u00e7\u00f5es e rigidez muscular intensas.<\/p>\n<p>\u00a0<\/p>\n<p>J\u00e1 a difteria \u00e9 uma doen\u00e7a infecciosa que pode comprometer principalmente as vias respirat\u00f3rias e apresentar complica\u00e7\u00f5es.<\/p>\n<p>\u00a0<\/p>\n<p>Para os adultos, o Calend\u00e1rio Nacional prev\u00ea esquema de tr\u00eas doses e refor\u00e7os peri\u00f3dicos. Ap\u00f3s a vacina\u00e7\u00e3o b\u00e1sica, est\u00e1 previsto refor\u00e7o aos 34 anos e, na sequ\u00eancia, uma dose a cada dez anos. Em situa\u00e7\u00f5es de exposi\u00e7\u00e3o a risco de difteria e t\u00e9tano, esse intervalo pode ser antecipado para cinco anos.<\/p>\n<p>\u00a0<\/p>\n<p>Por isso, mesmo quem tomou todas as vacinas quando crian\u00e7a precisa continuar conferindo essa prote\u00e7\u00e3o durante a vida adulta.<\/p>\n<p><strong>Febre amarela: confira seu hist\u00f3rico vacinal<\/strong><\/p>\n<p>A febre amarela \u00e9 uma doen\u00e7a viral que pode apresentar formas graves. O Calend\u00e1rio Nacional prev\u00ea uma dose da vacina e orienta manter a situa\u00e7\u00e3o vacinal atualizada, principalmente para pessoas que vivem ou viajam para \u00e1reas de risco epidemiol\u00f3gico.<\/p>\n<p>\u00a0<\/p>\n<p>Para quem vai viajar e tem indica\u00e7\u00e3o da vacina, a recomenda\u00e7\u00e3o \u00e9 procurar o servi\u00e7o de sa\u00fade com anteced\u00eancia, j\u00e1 que o calend\u00e1rio orienta a vacina\u00e7\u00e3o pelo menos dez dias antes da viagem.<\/p>\n<p><strong>Tr\u00edplice viral: prote\u00e7\u00e3o contra tr\u00eas doen\u00e7as<\/strong><\/p>\n<p>A vacina tr\u00edplice viral protege contra sarampo, caxumba e rub\u00e9ola, al\u00e9m de contribuir para a preven\u00e7\u00e3o da s\u00edndrome da rub\u00e9ola cong\u00eanita.<\/p>\n<p>E aqui a idade faz diferen\u00e7a.<\/p>\n<p>\u00a0<\/p>\n<p>At\u00e9 os 29 anos, o calend\u00e1rio prev\u00ea duas doses. Entre 30 e 59 anos, est\u00e1 prevista uma dose. Para trabalhadores da sa\u00fade, s\u00e3o recomendadas duas doses em qualquer idade, conforme avalia\u00e7\u00e3o da situa\u00e7\u00e3o vacinal.<\/p>\n<p>\u00a0<\/p>\n<p>Por isso, quem n\u00e3o sabe se recebeu as doses necess\u00e1rias deve procurar uma unidade de sa\u00fade para conferir o hist\u00f3rico.<\/p>\n<p><strong>Algumas vacinas t\u00eam indica\u00e7\u00e3o para p\u00fablicos espec\u00edficos<\/strong><\/p>\n<p>\u00a0<\/p>\n<p>O calend\u00e1rio do adulto tamb\u00e9m apresenta vacinas cuja indica\u00e7\u00e3o n\u00e3o \u00e9 destinada indistintamente a toda a popula\u00e7\u00e3o dessa faixa et\u00e1ria.<\/p>\n<p>\u00a0<\/p>\n<p>A vacina contra varicela, por exemplo, \u00e9 prevista para trabalhadores da sa\u00fade e povos ind\u00edgenas sem hist\u00f3ria da doen\u00e7a ou em caso de d\u00favida.<\/p>\n<p>\u00a0<\/p>\n<p>J\u00e1 a vacina pneumoc\u00f3cica 20-valente, que protege contra doen\u00e7as pneumoc\u00f3cicas invasivas, aparece no calend\u00e1rio para povos ind\u00edgenas sem hist\u00f3rico de vacina\u00e7\u00e3o com pneumoc\u00f3cica conjugada.<\/p>\n<p>\u00a0<\/p>\n<p>Essas situa\u00e7\u00f5es refor\u00e7am por que a avalia\u00e7\u00e3o da equipe de sa\u00fade \u00e9 importante: nem todo adulto precisa receber exatamente as mesmas vacinas.<\/p>\n<p>\u00a0<\/p>\n<p><strong>\u201cN\u00e3o tenho mais minha carteirinha. E agora?\u201d<\/strong><\/p>\n<p>\u00a0<\/p>\n<p>Perder a carteirinha ou n\u00e3o lembrar quais vacinas foram recebidas n\u00e3o deve ser motivo para deixar de procurar a unidade. A equipe de sa\u00fade pode avaliar cada situa\u00e7\u00e3o e orientar quais doses s\u00e3o necess\u00e1rias de acordo com a idade, o hist\u00f3rico dispon\u00edvel e as recomenda\u00e7\u00f5es vigentes.<\/p>\n<p>\u00a0<\/p>\n<p>O importante \u00e9 n\u00e3o assumir que, por ter sido vacinado na inf\u00e2ncia, todas as prote\u00e7\u00f5es est\u00e3o garantidas para o restante da vida.<\/p>\n<p>Vacina\u00e7\u00e3o em dia tamb\u00e9m \u00e9 cuidado na vida adulta<\/p>\n<p>\u00a0<\/p>\n<p>Manter as vacinas atualizadas protege a pr\u00f3pria pessoa e tamb\u00e9m contribui para a prote\u00e7\u00e3o coletiva. Para as mulheres que pretendem engravidar, essa aten\u00e7\u00e3o ganha ainda outro significado: chegar \u00e0 gesta\u00e7\u00e3o com a vacina\u00e7\u00e3o atualizada tamb\u00e9m contribui para a prote\u00e7\u00e3o e o desenvolvimento saud\u00e1vel do beb\u00ea.<\/p>\n<p><strong>Aproveite o Dia D para conferir sua vacina\u00e7\u00e3o<\/strong><\/p>\n<p>\u00a0<\/p>\n<p>As vacinas previstas pelo Calend\u00e1rio Nacional est\u00e3o dispon\u00edveis na rede municipal de sa\u00fade de Botucatu, conforme indica\u00e7\u00e3o para cada faixa et\u00e1ria e situa\u00e7\u00e3o vacinal. A popula\u00e7\u00e3o tamb\u00e9m conta com postos de vacina\u00e7\u00e3o com atendimento noturno.<\/p>\n<p>\u00a0<\/p>\n<p>No s\u00e1bado, dia 22 de agosto, Botucatu realiza o Dia D da Multivacina\u00e7\u00e3o, com todos os postos de vacina\u00e7\u00e3o abertos das 8 \u00e0s 17 horas.<\/p>\n<p>\u00a0<\/p>\n<p>A orienta\u00e7\u00e3o \u00e9 levar a carteirinha de vacina\u00e7\u00e3o para que a equipe possa conferir o hist\u00f3rico e indicar, quando necess\u00e1rio, quais doses precisam ser atualizadas.<\/p>\n<p>\u00a0<\/p>\n<p>Vacina\u00e7\u00e3o n\u00e3o tem idade para deixar de ser importante. Cuidar da sa\u00fade na vida adulta tamb\u00e9m passa por manter as vacinas em dia.<\/p>\n","protected":false},"excerpt":{"rendered":"Hepatite B, t\u00e9tano, difteria, febre amarela, sarampo, caxumba e rub\u00e9ola est\u00e3o entre as doen\u00e7as que podem ser prevenidas;&hellip;\n","protected":false},"author":2,"featured_media":492661,"comment_status":"","ping_status":"","sticky":false,"template":"","format":"standard","meta":{"footnotes":"","_share_on_mastodon":"0"},"categories":[86],"tags":[34837,1300,116,5231,1133,32,3046,33,117],"class_list":["post-492660","post","type-post","status-publish","format-standard","has-post-thumbnail","category-saude","tag-botucatu","tag-cidade","tag-health","tag-municipal","tag-noticia","tag-portugal","tag-prefeitura","tag-pt","tag-saude"],"share_on_mastodon":{"url":"","error":""},"_links":{"self":[{"href":"https:\/\/www.europesays.com\/pt\/wp-json\/wp\/v2\/posts\/492660","targetHints":{"allow":["GET"]}}],"collection":[{"href":"https:\/\/www.europesays.com\/pt\/wp-json\/wp\/v2\/posts"}],"about":[{"href":"https:\/\/www.europesays.com\/pt\/wp-json\/wp\/v2\/types\/post"}],"author":[{"embeddable":true,"href":"https:\/\/www.europesays.com\/pt\/wp-json\/wp\/v2\/users\/2"}],"replies":[{"embeddable":true,"href":"https:\/\/www.europesays.com\/pt\/wp-json\/wp\/v2\/comments?post=492660"}],"version-history":[{"count":0,"href":"https:\/\/www.europesays.com\/pt\/wp-json\/wp\/v2\/posts\/492660\/revisions"}],"wp:featuredmedia":[{"embeddable":true,"href":"https:\/\/www.europesays.com\/pt\/wp-json\/wp\/v2\/media\/492661"}],"wp:attachment":[{"href":"https:\/\/www.europesays.com\/pt\/wp-json\/wp\/v2\/media?parent=492660"}],"wp:term":[{"taxonomy":"category","embeddable":true,"href":"https:\/\/www.europesays.com\/pt\/wp-json\/wp\/v2\/categories?post=492660"},{"taxonomy":"post_tag","embeddable":true,"href":"https:\/\/www.europesays.com\/pt\/wp-json\/wp\/v2\/tags?post=492660"}],"curies":[{"name":"wp","href":"https:\/\/api.w.org\/{rel}","templated":true}]}}