{"id":492872,"date":"2026-08-19T17:33:35","date_gmt":"2026-08-19T17:33:35","guid":{"rendered":"https:\/\/www.europesays.com\/pt\/492872\/"},"modified":"2026-08-19T17:33:35","modified_gmt":"2026-08-19T17:33:35","slug":"mykhailo-fedorov-ex-ministro-ucraniano-pede-eleicoes-em-tempo-de-guerra","status":"publish","type":"post","link":"https:\/\/www.europesays.com\/pt\/492872\/","title":{"rendered":"Mykhailo Fedorov. Ex-ministro ucraniano pede elei\u00e7\u00f5es em tempo de guerra"},"content":{"rendered":"<p>\n                O apelo de Fedorov, feito num v\u00eddeo publicado no YouTube, \u00e9 a primeira exig\u00eancia deste tipo por parte de uma figura pol\u00edtica ucraniana de topo desde que a R\u00fassia lan\u00e7ou a sua invas\u00e3o em grande escala em 2022. A lei ucraniana pro\u00edbe a realiza\u00e7\u00e3o de elei\u00e7\u00f5es em tempo de guerra.<\/p>\n<p>&#8220;<b>A democracia n\u00e3o pode ser feita ref\u00e9m da R\u00fassia<\/b>&#8220;, disse Fedorov. &#8220;<b>Precisamos de encontrar um mecanismo legal, seguro e realista que permita \u00e0 Ucr\u00e2nia retomar o seu processo democr\u00e1tico completo, <\/b>mesmo no meio de uma longa guerra&#8221;.<\/p>\n<p>Para Fedorov, a <b>Ucr\u00e2nia est\u00e1 a lutar \u201cprecisamente porque quer continuar a ser um Estado europeu livre\u201d.<\/b><\/p>\n<p>          <img decoding=\"async\" itemprop=\"image\" class=\"img-fluid\"   src=\"https:\/\/www.europesays.com\/pt\/wp-content\/uploads\/2026\/08\/d12f3bab016e03ea9092d918b6501cee_N.jpg\"\/><\/p>\n<p>O antigo ministro da Defesa reconheceu a complexidade de organizar uma elei\u00e7\u00e3o em tempo de guerra, citando em particular a dificuldade de garantir o direito de voto aos militares, aos eleitores das zonas pr\u00f3ximas da linha da frente e aos milh\u00f5es de refugiados ucranianos no estrangeiro \u2014 argumentos j\u00e1 apresentados por Volodymyr Zelensky para explicar a aus\u00eancia de elei\u00e7\u00f5es presidenciais.<\/p>\n<p>&#8220;Mas <b>complexidade n\u00e3o significa impossibilidade. A Ucr\u00e2nia j\u00e1 fez repetidamente o que o mundo considerava imposs\u00edvel<\/b>. Podemos encontrar uma solu\u00e7\u00e3o tamb\u00e9m neste caso&#8221;, sublinhou Fedorov num v\u00eddeo que tem a dura\u00e7\u00e3o de dez minutos.<br \/>&#13;<br \/>\nDesde o in\u00edcio da guerra, em 2022, que a Ucr\u00e2nia est\u00e1 sob lei marcial, o que significa que as elei\u00e7\u00f5es est\u00e3o suspensas.<\/p>\n<p><b>Embora Fedorov n\u00e3o tenha mencionado no seu discurso que concorreria a qualquer elei\u00e7\u00e3o, uma sondagem recente indicava que o ex-ministro venceria Zelensky com folga numa segunda volta, na qual os dois candidatos mais votados se enfrentam.<\/b><\/p>\n<p>No entanto, frisou que que o pa\u00eds enfrentava uma &#8220;crise sist\u00e9mica de governa\u00e7\u00e3o&#8221; e tinha &#8220;medo da mudan\u00e7a&#8221;, apontando a corrup\u00e7\u00e3o na Ucr\u00e2nia como um dos fatores que prejudicavam o esfor\u00e7o de guerra.\u00a0<\/p>\n<p>&#8220;<b>O velho sistema vive segundo as suas pr\u00f3prias regras com muita frequ\u00eancia. Protege-se a si pr\u00f3prio. Tem medo da mudan\u00e7a<\/b>&#8220;, real\u00e7ou.Horas antes de Fedorov publicar o seu v\u00eddeo, &#13;<br \/>\nZelensky indicou formalmente Yevhenii Khmara para ministro da Defesa e &#13;<br \/>\nreconduziu o chefe da diplomacia de Kiev, Andriy Sybiga, nomea\u00e7\u00f5es que &#13;<br \/>\nt\u00eam ainda de ser validadas pelo Parlamento. <\/p>\n<p>Sem referir nomes, Fedorov condenou a corrup\u00e7\u00e3o oficial, que, segundo ele, prejudicou o esfor\u00e7o de guerra da Ucr\u00e2nia.<\/p>\n<p>&#8220;<b>As pessoas n\u00e3o podem viver indefinidamente num Estado onde n\u00e3o compreendem porque \u00e9 que certas decis\u00f5es s\u00e3o tomadas<\/b>&#8220;, sublinhou o antigo ministroO percurso de Fedorov<br \/>&#13;<br \/>\nO <b>ministro mais jovem da hist\u00f3ria da Ucr\u00e2nia quando foi nomeado chefe da digitaliza\u00e7\u00e3o do pa\u00eds<\/b>, aos 28 anos, Fedorov ocupou o cargo durante seis anos. Foi o \u00faltimo membro remanescente do primeiro gabinete de Zelensky em 2019.O seu papel \u00e0 frente do Minist\u00e9rio da Transforma\u00e7\u00e3o Digital fez dele um dos primeiros a adotar a guerra com drones, que revolucionou o combate na Ucr\u00e2nia desde 2022.<br \/>&#13;\n<\/p>\n<p><b>No entanto, a sua proje\u00e7\u00e3o nacional cresceu consideravelmente ap\u00f3s a sua nomea\u00e7\u00e3o para dirigir o vasto Minist\u00e9rio da Defesa em janeiro, prometendo imediatamente uma reformula\u00e7\u00e3o baseada em dados. <\/b>Ao contr\u00e1rio dos seus antecessores, Fedorov apresentou publicamente uma estrat\u00e9gia para derrotar a R\u00fassia atrav\u00e9s do desgaste e da superioridade tecnol\u00f3gica.<\/p>\n<p><b>Fedorov criou um &#8220;Ex\u00e9rcito de TI da Ucr\u00e2nia&#8221; volunt\u00e1rio para lan\u00e7ar ciberataques contra os russos <\/b>nos primeiros dias ap\u00f3s o presidente russo, Vladimir Putin, ter lan\u00e7ado uma invas\u00e3o em grande escala da Ucr\u00e2nia.<\/p>\n<p>Mais tarde, liderou uma campanha de angaria\u00e7\u00e3o de fundos bem-sucedida, chamada Ex\u00e9rcito de Drones,  e incorporou elementos de &#8220;gamifica\u00e7\u00e3o&#8221; (a aplica\u00e7\u00e3o de mec\u00e2nicas, din\u00e2micas e elementos visuais de jogos \u2014 como pontos, n\u00edveis, rankings e recompensas \u2014 em atividades do mundo real)  na guerra, criando um sistema que premiava as unidades militares ucranianas com cr\u00e9ditos por atingirem alvos russos.<br \/>&#13;<br \/>\n<b><br \/>&#13;<br \/>\nEnquanto ministro da Defesa, o seu foco nos drones,  na guerra de alta tecnologia e nas aquisi\u00e7\u00f5es continuou, e chegou mesmo a pedir ao fundador da SpaceX, Elon Musk, que impedisse a R\u00fassia de utilizar sat\u00e9lites Starlink para ataques com drones.<\/b><\/p>\n<p>A medida foi considerada respons\u00e1vel por causar uma perturba\u00e7\u00e3o consider\u00e1vel \u00e0s opera\u00e7\u00f5es e ao avan\u00e7o da R\u00fassia na linha da frente.<br \/>&#13;<br \/>\n<b><br \/>&#13;<br \/>\nFedorov, de 35 anos, foi um aliado de longa data de Zelensky at\u00e9 \u00e0 sua inesperada demiss\u00e3o do Minist\u00e9rio da Defesa em julho, apenas seis meses ap\u00f3s a sua nomea\u00e7\u00e3o, na qual prometeu amplas reformas.<\/b><\/p>\n<p>Pouco depois da sua demiss\u00e3o, Fedorov, com os seus conhecimentos em tecnologia, criticou publicamente o comandante-chefe das For\u00e7as Armadas, Oleksandr Syrskyi, expondo uma profunda diverg\u00eancia entre ambos e as suas diferentes vis\u00f5es sobre a guerra.<br \/>&#13;<br \/>\nA sua demiss\u00e3o em meados de julho, ordenada pelo chefe de Estado, desencadeou uma onda de protestos na Ucr\u00e2nia que se estendeu at\u00e9 agosto e levou Zelensky a substituir tamb\u00e9m o comandante do Ex\u00e9rcito, Oleksandr Syrsky, considerado rival de Fedorov.<b><br \/>&#13;<br \/>\nO ex-ministro afirmou recentemente acreditar que a sua reforma nos processos de aquisi\u00e7\u00e3o do Minist\u00e9rio da Defesa, respons\u00e1vel pela compra de milhares de milh\u00f5es de d\u00f3lares em equipamento, contribuiu para a sua demiss\u00e3o.<\/b><\/p>\n<p>Milhares de ucranianos sa\u00edram \u00e0 rua para exigir a demiss\u00e3o de Syrskyi \u2014 um comandante militar da velha guarda, culpado pelos seus cr\u00edticos pelas pesadas perdas de tropas na linha da frente \u2014 e a reintegra\u00e7\u00e3o de Fedorov.<\/p>\n<p><b>Uma nova manifesta\u00e7\u00e3o de apoio a Fedorov est\u00e1 planeada para a manh\u00e3 desta quarta-feira em frente ao Parlamento ucraniano, segundo Sergiy Sternenko, seu antigo conselheiro no minist\u00e9rio e apoiante.<\/b><\/p>\n<p>Embora Zelensky tenha afirmado que despediu Fedorov pela sua incapacidade de trabalhar com Syrskyi, o presidente demitiu o chefe militar pouco depois, sob press\u00e3o p\u00fablica.<\/p>\n<p><b>Numa publica\u00e7\u00e3o no Facebook, logo ap\u00f3s a sua demiss\u00e3o, Fedorov enumerou as suas conquistas e disse que continuaria &#8220;&#8230; a derrotar o inimigo atrav\u00e9s da assimetria, da velocidade de inova\u00e7\u00e3o e da for\u00e7a organizacional&#8221;.<\/b><\/p>\n<p>Durante o seu mandato como ministro da Defesa, Fedorov, que gozava de grande popularidade, foi reconhecido por revitalizar o minist\u00e9rio, liderar uma campanha anticorrup\u00e7\u00e3o e utilizar dados para analisar e tentar melhorar o desempenho na linha da frente.<\/p>\n<p>Fedorov recebeu outras propostas para cargos governamentais, incluindo o de vice-primeiro-ministro para a Inova\u00e7\u00e3o Militar, mas o pol\u00edtico de 35 anos afirmou que s\u00f3 regressaria como ministro da Defesa.<br \/>&#13;\n            <\/p>\n","protected":false},"excerpt":{"rendered":"O apelo de Fedorov, feito num v\u00eddeo publicado no YouTube, \u00e9 a primeira exig\u00eancia deste tipo por parte&hellip;\n","protected":false},"author":2,"featured_media":492873,"comment_status":"","ping_status":"","sticky":false,"template":"","format":"standard","meta":{"footnotes":"","_share_on_mastodon":"0"},"categories":[50],"tags":[27,28,2258,15,16,830,14,4167,25,26,21,22,26368,62,72625,12,13,19,20,23,24,4256,839,17,18,840,29,30,31,2416,63,64,65],"class_list":["post-492872","post","type-post","status-publish","format-standard","has-post-thumbnail","category-mundo","tag-breaking-news","tag-breakingnews","tag-eleicoes","tag-featured-news","tag-featurednews","tag-guerra","tag-headlines","tag-kiev","tag-latest-news","tag-latestnews","tag-main-news","tag-mainnews","tag-ministro-da-defesa","tag-mundo","tag-mykhailo-fedorov","tag-news","tag-noticias","tag-noticias-principais","tag-noticiasprincipais","tag-principais-noticias","tag-principaisnoticias","tag-protestos","tag-russia","tag-top-stories","tag-topstories","tag-ucrania","tag-ultimas","tag-ultimas-noticias","tag-ultimasnoticias","tag-volodymyr-zelensky","tag-world","tag-world-news","tag-worldnews"],"share_on_mastodon":{"url":"","error":"Validation failed: Text character limit of 500 exceeded"},"_links":{"self":[{"href":"https:\/\/www.europesays.com\/pt\/wp-json\/wp\/v2\/posts\/492872","targetHints":{"allow":["GET"]}}],"collection":[{"href":"https:\/\/www.europesays.com\/pt\/wp-json\/wp\/v2\/posts"}],"about":[{"href":"https:\/\/www.europesays.com\/pt\/wp-json\/wp\/v2\/types\/post"}],"author":[{"embeddable":true,"href":"https:\/\/www.europesays.com\/pt\/wp-json\/wp\/v2\/users\/2"}],"replies":[{"embeddable":true,"href":"https:\/\/www.europesays.com\/pt\/wp-json\/wp\/v2\/comments?post=492872"}],"version-history":[{"count":0,"href":"https:\/\/www.europesays.com\/pt\/wp-json\/wp\/v2\/posts\/492872\/revisions"}],"wp:featuredmedia":[{"embeddable":true,"href":"https:\/\/www.europesays.com\/pt\/wp-json\/wp\/v2\/media\/492873"}],"wp:attachment":[{"href":"https:\/\/www.europesays.com\/pt\/wp-json\/wp\/v2\/media?parent=492872"}],"wp:term":[{"taxonomy":"category","embeddable":true,"href":"https:\/\/www.europesays.com\/pt\/wp-json\/wp\/v2\/categories?post=492872"},{"taxonomy":"post_tag","embeddable":true,"href":"https:\/\/www.europesays.com\/pt\/wp-json\/wp\/v2\/tags?post=492872"}],"curies":[{"name":"wp","href":"https:\/\/api.w.org\/{rel}","templated":true}]}}