{"id":492906,"date":"2026-08-19T18:02:34","date_gmt":"2026-08-19T18:02:34","guid":{"rendered":"https:\/\/www.europesays.com\/pt\/492906\/"},"modified":"2026-08-19T18:02:34","modified_gmt":"2026-08-19T18:02:34","slug":"o-mirante-distribuidora-de-pao-de-torres-novas-sequestrada-e-violada","status":"publish","type":"post","link":"https:\/\/www.europesays.com\/pt\/492906\/","title":{"rendered":"O MIRANTE | Distribuidora de p\u00e3o de Torres Novas sequestrada e violada"},"content":{"rendered":"<p> Uma distribuidora de p\u00e3o, de 49 anos, foi sequestrada na madrugada de ter\u00e7a-feira, 18 de Agosto, quando se encontrava a trabalhar em Torres Novas, tendo sido amea\u00e7ada com uma arma de fogo e obrigada a seguir na carrinha de servi\u00e7o at\u00e9 \u00e0 zona de Cascais. Durante o percurso, a mulher ter\u00e1 sido v\u00edtima de agress\u00e3o sexual e ficou ainda sem dinheiro e outros bens pessoais. Um dos suspeitos do crime foi entretanto detido pela Pol\u00edcia Judici\u00e1ria, no Entroncamento. <\/p>\n<p> A v\u00edtima ter\u00e1 sido abordada cerca das 05h30, nas imedia\u00e7\u00f5es do Retail Park de Torres Novas. Sob amea\u00e7a de uma arma de fogo, a mulher foi obrigada a entrar na carrinha de servi\u00e7o, que foi depois conduzida pelo agressor em direc\u00e7\u00e3o \u00e0 \u00c1rea Metropolitana de Lisboa. A v\u00edtima afirmou \u00e0s autoridades ter sido violada durante o percurso. <\/p>\n<p> A mulher acabou por ser abandonada perto das 10h00 na Rua das Fisgas, em Alcoit\u00e3o, no concelho de Cascais. Apresentava ferimentos e foi assistida pelos Bombeiros de Alcabideche, tendo sido posteriormente transportada para o Hospital de Cascais. <\/p>\n<p> As dilig\u00eancias policiais levaram \u00e0 localiza\u00e7\u00e3o, ainda na ter\u00e7a-feira, de dois homens no Entroncamento suspeitos de liga\u00e7\u00e3o ao caso. Um deles foi detido pela Pol\u00edcia Judici\u00e1ria e dever\u00e1 ser presente a primeiro interrogat\u00f3rio judicial para aplica\u00e7\u00e3o das respectivas medidas de coac\u00e7\u00e3o. <\/p>\n<p> A carrinha utilizada pela v\u00edtima na distribui\u00e7\u00e3o de p\u00e3o foi recuperada pelas autoridades. A GNR tamb\u00e9m participou nas opera\u00e7\u00f5es relacionadas com o caso. A arma de fogo que ter\u00e1 sido utilizada para amea\u00e7ar a mulher n\u00e3o tinha ainda sido localizada. <\/p>\n","protected":false},"excerpt":{"rendered":"Uma distribuidora de p\u00e3o, de 49 anos, foi sequestrada na madrugada de ter\u00e7a-feira, 18 de Agosto, quando se&hellip;\n","protected":false},"author":2,"featured_media":492907,"comment_status":"","ping_status":"","sticky":false,"template":"","format":"standard","meta":{"footnotes":"","_share_on_mastodon":"0"},"categories":[10],"tags":[27,28,15,16,14,6569,6568,25,26,21,22,12,13,19,20,32,23,24,33,3551,5314,17,18,29,30,31],"class_list":["post-492906","post","type-post","status-publish","format-standard","has-post-thumbnail","category-portugal","tag-breaking-news","tag-breakingnews","tag-featured-news","tag-featurednews","tag-headlines","tag-jornal-regional","tag-jornalismo-de-proximidade","tag-latest-news","tag-latestnews","tag-main-news","tag-mainnews","tag-news","tag-noticias","tag-noticias-principais","tag-noticiasprincipais","tag-portugal","tag-principais-noticias","tag-principaisnoticias","tag-pt","tag-regiao","tag-ribatejo","tag-top-stories","tag-topstories","tag-ultimas","tag-ultimas-noticias","tag-ultimasnoticias"],"share_on_mastodon":{"url":"https:\/\/pubeurope.com\/@pt\/117123491075009140","error":""},"_links":{"self":[{"href":"https:\/\/www.europesays.com\/pt\/wp-json\/wp\/v2\/posts\/492906","targetHints":{"allow":["GET"]}}],"collection":[{"href":"https:\/\/www.europesays.com\/pt\/wp-json\/wp\/v2\/posts"}],"about":[{"href":"https:\/\/www.europesays.com\/pt\/wp-json\/wp\/v2\/types\/post"}],"author":[{"embeddable":true,"href":"https:\/\/www.europesays.com\/pt\/wp-json\/wp\/v2\/users\/2"}],"replies":[{"embeddable":true,"href":"https:\/\/www.europesays.com\/pt\/wp-json\/wp\/v2\/comments?post=492906"}],"version-history":[{"count":0,"href":"https:\/\/www.europesays.com\/pt\/wp-json\/wp\/v2\/posts\/492906\/revisions"}],"wp:featuredmedia":[{"embeddable":true,"href":"https:\/\/www.europesays.com\/pt\/wp-json\/wp\/v2\/media\/492907"}],"wp:attachment":[{"href":"https:\/\/www.europesays.com\/pt\/wp-json\/wp\/v2\/media?parent=492906"}],"wp:term":[{"taxonomy":"category","embeddable":true,"href":"https:\/\/www.europesays.com\/pt\/wp-json\/wp\/v2\/categories?post=492906"},{"taxonomy":"post_tag","embeddable":true,"href":"https:\/\/www.europesays.com\/pt\/wp-json\/wp\/v2\/tags?post=492906"}],"curies":[{"name":"wp","href":"https:\/\/api.w.org\/{rel}","templated":true}]}}