{"id":493082,"date":"2026-08-19T20:50:26","date_gmt":"2026-08-19T20:50:26","guid":{"rendered":"https:\/\/www.europesays.com\/pt\/493082\/"},"modified":"2026-08-19T20:50:26","modified_gmt":"2026-08-19T20:50:26","slug":"anistia-79-o-emocionante-depoimento-sobre-a-morte-de-bacuri","status":"publish","type":"post","link":"https:\/\/www.europesays.com\/pt\/493082\/","title":{"rendered":"Anistia 79: O emocionante depoimento sobre a morte de Bacuri"},"content":{"rendered":"<p>00:00<\/p>\n<p>\t\t\t\t\t\t\t<img loading=\"lazy\" decoding=\"async\" src=\"https:\/\/revistaforum.com.br\/wp-content\/plugins\/oknaudio\/application\/assets\/img\/iconSun.svg\" alt=\"Modo claro\" width=\"24\" height=\"24\"\/><\/p>\n<p>\t\t\t\t\t\t\t<img loading=\"lazy\" decoding=\"async\" src=\"https:\/\/revistaforum.com.br\/wp-content\/plugins\/oknaudio\/application\/assets\/img\/iconMoon.svg\" alt=\"Modo escuro\" width=\"24\" height=\"24\"\/><\/p>\n<p>\n\t\t\t\t\t\t\tA+<br \/>\n\t\t\t\t\t\t\tA-\n\t\t\t\t\t\t<\/p>\n<p>\t\t\t\t\t\t\t\tLer o resumo da not\u00edcia<\/p>\n<ul>&#13;<\/p>\n<li>Document\u00e1rio \u201cAnistia 79\u201d, dirigido por Anita Leandro, retrata a Confer\u00eancia Internacional pela Anistia e Liberdades Democr\u00e1ticas realizada em Roma.<\/li>\n<p>&#13;<\/p>\n<li>O filme baseia\u2011se em registros de Milton Lopes dos Santos e V\u00e9lcio Ribas, capturados com apoio da Associa\u00e7\u00e3o Fran\u00e7a\u2011Brasil.<\/li>\n<p>&#13;<\/p>\n<li>Sua estreia coincide com os 50 anos do atentado \u00e0 sede da Associa\u00e7\u00e3o Brasileira de Imprensa, ocorrido em 19 de mar\u00e7o de 1974.<\/li>\n<p>&#13;<\/p>\n<li>A produ\u00e7\u00e3o integra o resgate da mem\u00f3ria sobre os crimes da ditadura militar (1964\u20111985) e das reivindica\u00e7\u00f5es de Anistia.<\/li>\n<p>&#13;\n<\/ul>\n<p>A ditadura militar que infelicitou o Brasil (1964-1985) vive. Vive no bolsonarismo. Vive em Fl\u00e1vio Bolsonaro.<\/p>\n<p>Vive nas mem\u00f3rias do atentado \u00e0 bomba contra a sede da Associa\u00e7\u00e3o Brasileira de Imprensa, no Rio de Janeiro, que completa 50 anos nesta quarta-feira, 19 \u2014 foi reivindicado por uma certa Alian\u00e7a Anticomunista Brasileira (AAB).<\/p>\n<p>O resgate da Hist\u00f3ria faz parte de um acerto de contas que ainda n\u00e3o est\u00e1 completo.<\/p>\n<p>A presidenta Dilma Rousseff foi derrubada, dentre outros motivos, por ter bancado a instala\u00e7\u00e3o da Comiss\u00e3o da Verdade.<\/p>\n<p>Jair Bolsonaro tentou o golpe de 8 de janeiro de 2023 como representante dos por\u00f5es da ditadura.<\/p>\n<p>Em agosto estreou Honestino, um docudrama de Aur\u00e9lio Michelis, estrelado por Bruno Gagliasso, que conta um pouco da vida do l\u00edder estudantil da Universidade de Bras\u00edlia (UNB) que foi \u201cdesaparecido\u201d pela ditadura.<\/p>\n<p>Agora \u00e9 a vez de <strong>Anistia 79<\/strong>, um document\u00e1rio centrado em um epis\u00f3dio espec\u00edfico: a Confer\u00eancia Internacional pela Anistia e pelas Liberdades Democr\u00e1ticas no Brasil, que aconteceu em Roma.<\/p>\n<p>A diretora Anita Leandro (Retratos de Identifica\u00e7\u00e3o), professora de cinema da Universidade Federal do Rio de Janeiro, baseou-se em registro feito por Milton Lopes dos Santos e V\u00e9lcio Ribas:<\/p>\n<blockquote>\n<p>Sabendo desse evento ele [Milton] conseguiu uma pequena doa\u00e7\u00e3o ali da Associa\u00e7\u00e3o Fran\u00e7a-Brasil, que dava apoio aos exilados \u2014 porque os exilados n\u00e3o tinham dinheiro pra filmar \u2014 e ele alugou uma c\u00e2mera, comprou a pel\u00edcula, comprou as bobinas de som e foi pra Roma com o V\u00e9lcio e mais um amigo dele, um vizinho, um italiano, que aceitou o convite dele para ir at\u00e9 Roma filmar.<\/p>\n<\/blockquote>\n<p><strong>Reencontro<\/strong><\/p>\n<p>No document\u00e1rio, Anita promove o \u201creencontro\u201d de 11 participantes do evento com as imagens da confer\u00eancia.<\/p>\n<p>Dentre os presentes, Di\u00f3genes Arruda, Apolonio de Carvalho e Greg\u00f3rio Bezerra \u2014 l\u00edderes hist\u00f3ricos da esquerda brasileira.<\/p>\n<p>A emo\u00e7\u00e3o est\u00e1 presente desde o in\u00edcio.<\/p>\n<p>Anita resgata o depoimento dado por Denise Crispim sobre o assassinato de seu companheiro Eduardo Collen Leite, o Bacuri, ao Tribunal Russell \u2014 organizado inicialmente pelo fil\u00f3sofo brit\u00e2nico Bertrand Russell para julgar os crimes estadunidenses na guerra do Vietn\u00e3, mais adiante ele teve vers\u00f5es para avaliar os crimes cometidos pelas ditaduras da Argentina e do Brasil.<\/p>\n<p>O document\u00e1rio \u00e9 um potente retrato do engajamento da sociedade civil brasileira que se organizou para enfrentar a ditadura.<\/p>\n<p>A Anistia aconteceu em um momento de efervesc\u00eancia pol\u00edtica no Brasil, que teve milhares de exilados:<\/p>\n<blockquote>\n<p>Fala-se em 10 mil, mas era muito mais. S\u00f3 na Fran\u00e7a devia ter quase 10 mil pessoas. E tinha brasileiros espalhados pelo mundo, em v\u00e1rios pa\u00edses da Europa. Em Portugal tinha muita gente, na B\u00e9lgica, na Alemanha, na It\u00e1lia, nos Estados Unidos, na \u00c1frica, em Cuba. Tinha brasileiro pra todo lado, foi uma debandada geral de toda a juventude brasileira que de alguma forma tinha se engajado na luta pol\u00edtica, todo mundo estava sob suspeita, risco de vida. N\u00f3s \u00e9ramos o inimigo interno.<\/p>\n<\/blockquote>\n<p><strong>O entulho autorit\u00e1rio<\/strong><\/p>\n<p>Corte para 2026. O entulho autorit\u00e1rio da ditadura segue presente no dia-a-dia dos brasileiros. A Anistia, em si, foi um ve\u00edculo para que os militares dessem perd\u00e3o as crimes cometidos por eles. Crimes de Estado. Crimes inafian\u00e7\u00e1veis, como a tortura.<\/p>\n<p>O entulho autorit\u00e1rio permanece, diz a diretora:<\/p>\n<blockquote>\n<p>A forma\u00e7\u00e3o das pol\u00edcias no Brasil n\u00e3o mudou uma linha. N\u00f3s ainda somos o inimigo interno nos manuais de forma\u00e7\u00e3o de militares. Como \u00e9 que isso pode ser poss\u00edvel em 2026? N\u00f3s temos a pol\u00edcia militar que mais mata, a pol\u00edcia que mais mata no mundo. S\u00f3 compar\u00e1vel a pa\u00edses em guerra. N\u00e3o tem uma educa\u00e7\u00e3o pol\u00edtica m\u00ednima para um retorno \u00e0 democracia. Nossa pol\u00edcia continua ditatorial, extremamente ditatorial, extremamente violenta. S\u00f3 mudou o alvo. Em vez de ser o estudante\u2026 \u00c9 o pobre perif\u00e9rico, \u00e9 o pequeno traficante, o varejista da droga. Mudou o alvo. \u00c9 o pobre. \u00c9 o ind\u00edgena. \u00c9 o negro. Ent\u00e3o, n\u00f3s vivemos as sequelas de uma transi\u00e7\u00e3o para a democracia sem uma justi\u00e7a de transi\u00e7\u00e3o.<\/p>\n<\/blockquote>\n<p>Acompanhem, abaixo, um trailer de Anistia 79 e a \u00edntegra da entrevista com Anita Leandro:<\/p>\n<blockquote class=\"twitter-tweet\">\n<blockquote class=\"twitter-tweet\"><p><a href=\"https:\/\/twitter.com\/AzenhaLuiz\/status\/2089716978751598901\" rel=\"nofollow noopener\" target=\"_blank\"><\/p><\/blockquote>\n<\/blockquote>\n<blockquote class=\"twitter-tweet\">\n<blockquote class=\"twitter-tweet\"><p><a href=\"https:\/\/twitter.com\/AzenhaLuiz\/status\/2089706203391602940\" rel=\"nofollow noopener\" target=\"_blank\"><\/p><\/blockquote>\n<\/blockquote>\n<p>            <script async src=\"https:\/\/platform.twitter.com\/widgets.js\" charset=\"utf-8\"><\/script><\/p>\n","protected":false},"excerpt":{"rendered":"00:00 A+ A- Ler o resumo da not\u00edcia &#13; Document\u00e1rio \u201cAnistia 79\u201d, dirigido por Anita Leandro, retrata a&hellip;\n","protected":false},"author":2,"featured_media":493083,"comment_status":"","ping_status":"","sticky":false,"template":"","format":"standard","meta":{"footnotes":"","_share_on_mastodon":"0"},"categories":[140],"tags":[20787,78815,78814,726,315,76247,1414,114,115,147,148,146,32,33],"class_list":["post-493082","post","type-post","status-publish","format-standard","has-post-thumbnail","category-filmes","tag-anistia","tag-anistia-79","tag-bacuri","tag-brasil","tag-cultura","tag-ditadura-militar-no-brasil","tag-documentario","tag-entertainment","tag-entretenimento","tag-film","tag-filmes","tag-movies","tag-portugal","tag-pt"],"share_on_mastodon":{"url":"https:\/\/pubeurope.com\/@pt\/117124152872229637","error":""},"_links":{"self":[{"href":"https:\/\/www.europesays.com\/pt\/wp-json\/wp\/v2\/posts\/493082","targetHints":{"allow":["GET"]}}],"collection":[{"href":"https:\/\/www.europesays.com\/pt\/wp-json\/wp\/v2\/posts"}],"about":[{"href":"https:\/\/www.europesays.com\/pt\/wp-json\/wp\/v2\/types\/post"}],"author":[{"embeddable":true,"href":"https:\/\/www.europesays.com\/pt\/wp-json\/wp\/v2\/users\/2"}],"replies":[{"embeddable":true,"href":"https:\/\/www.europesays.com\/pt\/wp-json\/wp\/v2\/comments?post=493082"}],"version-history":[{"count":0,"href":"https:\/\/www.europesays.com\/pt\/wp-json\/wp\/v2\/posts\/493082\/revisions"}],"wp:featuredmedia":[{"embeddable":true,"href":"https:\/\/www.europesays.com\/pt\/wp-json\/wp\/v2\/media\/493083"}],"wp:attachment":[{"href":"https:\/\/www.europesays.com\/pt\/wp-json\/wp\/v2\/media?parent=493082"}],"wp:term":[{"taxonomy":"category","embeddable":true,"href":"https:\/\/www.europesays.com\/pt\/wp-json\/wp\/v2\/categories?post=493082"},{"taxonomy":"post_tag","embeddable":true,"href":"https:\/\/www.europesays.com\/pt\/wp-json\/wp\/v2\/tags?post=493082"}],"curies":[{"name":"wp","href":"https:\/\/api.w.org\/{rel}","templated":true}]}}