{"id":493358,"date":"2026-08-20T01:51:12","date_gmt":"2026-08-20T01:51:12","guid":{"rendered":"https:\/\/www.europesays.com\/pt\/493358\/"},"modified":"2026-08-20T01:51:12","modified_gmt":"2026-08-20T01:51:12","slug":"diabetes-diretriz-passa-a-incluir-combate-a-obesidade-19-08-2026-equilibrio-e-saude","status":"publish","type":"post","link":"https:\/\/www.europesays.com\/pt\/493358\/","title":{"rendered":"Diabetes: diretriz passa a incluir combate \u00e0 obesidade &#8211; 19\/08\/2026 &#8211; Equil\u00edbrio e Sa\u00fade"},"content":{"rendered":"<p>A <a href=\"https:\/\/www1.folha.uol.com.br\/equilibrioesaude\/2025\/04\/rastreamento-de-diabetes-tipo-2-passa-a-ser-recomendado-para-todos-a-partir-dos-35-anos.shtml\" rel=\"nofollow noopener\" target=\"\">SBD (Sociedade Brasileira de Diabetes)<\/a> atualizou nesta quarta-feira (19) as diretrizes de tratamento cl\u00ednico de <a href=\"https:\/\/www1.folha.uol.com.br\/folha-topicos\/diabetes\/\" rel=\"nofollow noopener\" target=\"_blank\">diabetes<\/a> no Brasil. As regras servem de par\u00e2metro para orientar m\u00e9dicos que tratam pacientes com a doen\u00e7a, aproximadamente 16 milh\u00f5es de pessoas no pa\u00eds.<\/p>\n<p>A principal mudan\u00e7a incide sobre o<a href=\"https:\/\/www1.folha.uol.com.br\/equilibrioesaude\/2026\/08\/diabetes-tipo-2-avanca-entre-jovens-especialmente-entre-mulheres.shtml\" rel=\"nofollow noopener\" target=\"\"> diabetes tipo 2<\/a>, o mais comum entre os diagnosticados. A partir de agora, os m\u00e9dicos ter\u00e3o de tratar a <a href=\"https:\/\/www1.folha.uol.com.br\/folha-topicos\/obesidade\/\" rel=\"nofollow noopener\" target=\"_blank\">obesidade<\/a> conjuntamente, para evitar o agravamento do diabetes em quem j\u00e1 tem a doen\u00e7a e impedir seu surgimento em pessoas com condi\u00e7\u00f5es favor\u00e1veis \u2013como os pr\u00e9-diab\u00e9ticos.<\/p>\n<p>At\u00e9 ent\u00e3o, o manejo era opcional; ou seja, os m\u00e9dicos n\u00e3o eram obrigados a olhar para a obesidade durante um tratamento de diabetes.<\/p>\n<p><a href=\"https:\/\/www1.folha.uol.com.br\/equilibrioesaude\/2023\/09\/quais-sao-os-sintomas-do-diabetes-o-que-sao-os-tipos-1-e-2-tire-suas-duvidas.shtml\" rel=\"nofollow noopener\" target=\"_blank\">Diabetes \u00e9 um conjunto de altera\u00e7\u00f5es que levam \u00e0 hiperglicemia<\/a>, que \u00e9 o aumento do n\u00edvel de glicose (a\u00e7\u00facar) no sangue. Isso pode ocorrer tanto por uma produ\u00e7\u00e3o insuficiente de insulina, que \u00e9 o horm\u00f4nio que regula a glicose no corpo, quanto por um aumento da resist\u00eancia do organismo \u00e0 a\u00e7\u00e3o desse horm\u00f4nio.<\/p>\n<p>O tipo 2, que responde por cerca de 90% a 95% dos casos de diabetes, \u00e9 marcado por uma resist\u00eancia do organismo \u00e0 a\u00e7\u00e3o da insulina \u2014\u00e9 como se o corpo n\u00e3o aproveitasse a insulina produzida. Este tipo de diabetes tem maior associa\u00e7\u00e3o com fatores de risco, como colesterol, hipertens\u00e3o, excesso de peso e sedentarismo, al\u00e9m de componente heredit\u00e1rio em alguns casos. Em geral, o diabetes tipo 2 costuma ser mais diagnosticado ap\u00f3s os 40 anos. <\/p>\n<p>Para o endocrinologista Marcello Bertoluci, coordenador das diretrizes da SBD, a mudan\u00e7a na diretriz tem por objetivo ampliar o olhar para o que causa o diabetes. Nesse sentido, a obesidade \u00e9 uma das principais comorbidades.<\/p>\n<p>&#8220;At\u00e9 ent\u00e3o, o foco do tratamento era o <a href=\"https:\/\/www1.folha.uol.com.br\/equilibrio\/2024\/10\/por-que-e-tao-importante-controlar-o-nivel-de-glicose-no-sangue.shtml\" rel=\"nofollow noopener\" target=\"\">controle glic\u00eamico<\/a>. A gente est\u00e1 ampliando o conceito para o excesso de adiposidade (gordura), que come\u00e7a a tornar o indiv\u00edduo disfuncional, se infiltrar nos \u00f3rg\u00e3os e causar les\u00f5es, como <a href=\"https:\/\/www1.folha.uol.com.br\/equilibrio\/2024\/07\/brasileiros-desconhecem-e-nao-controlam-doencas-cardiovasculares-revelam-estudos.shtml\" rel=\"nofollow noopener\" target=\"\">doen\u00e7a cardiovascular<\/a> e o pr\u00f3prio diabetes&#8221;, explica o m\u00e9dico.<\/p>\n<p>&#8220;Se a pessoa tem a glicose um pouquinho elevada, j\u00e1 se deve iniciar o monitoramento e o tratamento da obesidade, para evitar que ela se torne diab\u00e9tica. E isso deve ser feito n\u00e3o apenas com orienta\u00e7\u00e3o, mas com um tratamento ativo, com prescri\u00e7\u00e3o medicamentosa se necess\u00e1rio&#8221;, afirma Bertoluci.<\/p>\n<p>A mudan\u00e7a ocorre em um contexto de acelera\u00e7\u00e3o da obesidade no pa\u00eds. Pesquisa Vigitel mais recente, divulgada no ano passado, mostrou que a <a href=\"https:\/\/www1.folha.uol.com.br\/equilibrioesaude\/2026\/02\/obesidade-avanca-118-no-brasil-e-desafia-metas-de-controle-da-doenca-aponta-vigitel.shtml\" rel=\"nofollow noopener\" target=\"\">obesidade cresceu 118% entre 2006 e 2024<\/a> nas capitais brasileiras. A obesidade \u00e9 um dos principais fatores de risco para o desenvolvimento do diabetes tipo 2 \u00e0 medida que favorece a resist\u00eancia \u00e0 insulina e aumenta a sobrecarga sobre as c\u00e9lulas do p\u00e2ncreas que produzem o horm\u00f4nio.<\/p>\n<p>Nessa equa\u00e7\u00e3o, a recomenda\u00e7\u00e3o \u00e9 para que os m\u00e9dicos utilizem <a href=\"https:\/\/www1.folha.uol.com.br\/folha-topicos\/canetas-emagrecedoras\/\" rel=\"nofollow noopener\" target=\"_blank\">canetas emagrecedoras<\/a> para evitar a progress\u00e3o do paciente pr\u00e9-diab\u00e9tico para o diagn\u00f3stico. Esses rem\u00e9dios, segundo Bertoluci, possibilitam a remiss\u00e3o de uma doen\u00e7a iminente e contribuem para a <a href=\"https:\/\/www1.folha.uol.com.br\/folha-topicos\/saude\/\" rel=\"nofollow noopener\" target=\"_blank\">sa\u00fade<\/a> do p\u00e2ncreas. O acesso, contudo, ainda \u00e9 um problema, visto que o pre\u00e7o desses rem\u00e9dios ainda os torna inacess\u00edveis para pessoas de menor renda \u2013ainda que a entrada de gen\u00e9ricos deva pressionar para baixo os pre\u00e7os.<\/p>\n<p>As canetas emagrecedoras n\u00e3o ser\u00e3o, por\u00e9m, as \u00fanicas empregadas no tratamento farmacol\u00f3gico. Fora do <a href=\"https:\/\/www1.folha.uol.com.br\/folha-topicos\/sus\/\" rel=\"nofollow noopener\" target=\"_blank\">SUS<\/a> (Sistema \u00danico de Sa\u00fade), podem n\u00e3o ser nem as principais, mas h\u00e1 alternativas, como a dapagliflozina.<\/p>\n<p>&#8220;O que fica de destaque \u00e9 que n\u00e3o se pode esperar o paciente engordar para tratar a obesidade. Tem que come\u00e7ar antes e evitar a obesidade&#8221;, afirma o m\u00e9dico.<\/p>\n<p>Mudan\u00e7as para gestantes<\/p>\n<p>Outro destaque da nova diretriz \u00e9 a recomenda\u00e7\u00e3o de anticoncepcional para mulheres com a hemoglobina glicada acima de 9. Este \u00edndice est\u00e1 associado a at\u00e9 seis vezes mais risco de malforma\u00e7\u00f5es card\u00edacas e de prematuridade. Nestes casos, \u00e9 prefer\u00edvel postergar a gesta\u00e7\u00e3o at\u00e9 que o n\u00edvel esteja abaixo de 6.<\/p>\n<p>A hemoglobina glicada \u00e9 um exame de sangue que indica a m\u00e9dia dos n\u00edveis de glicose no organismo nos \u00faltimos dois a tr\u00eas meses. O teste \u00e9 usado para avaliar o controle do diabetes e identificar altera\u00e7\u00f5es persistentes na taxa de a\u00e7\u00facar no sangue.<\/p>\n","protected":false},"excerpt":{"rendered":"A SBD (Sociedade Brasileira de Diabetes) atualizou nesta quarta-feira (19) as diretrizes de tratamento cl\u00ednico de diabetes no&hellip;\n","protected":false},"author":2,"featured_media":493359,"comment_status":"","ping_status":"","sticky":false,"template":"","format":"standard","meta":{"footnotes":"","_share_on_mastodon":"0"},"categories":[86],"tags":[1024,5568,1027,1026,236,1023,116,3083,1022,32,33,117,4483],"class_list":["post-493358","post","type-post","status-publish","format-standard","has-post-thumbnail","category-saude","tag-atividade-fisica","tag-canetas-emagrecedoras","tag-diabetes","tag-emagrecimento","tag-folha","tag-gordura","tag-health","tag-medicamentos","tag-obesidade","tag-portugal","tag-pt","tag-saude","tag-sus"],"share_on_mastodon":{"url":"https:\/\/pubeurope.com\/@pt\/117125335416720757","error":""},"_links":{"self":[{"href":"https:\/\/www.europesays.com\/pt\/wp-json\/wp\/v2\/posts\/493358","targetHints":{"allow":["GET"]}}],"collection":[{"href":"https:\/\/www.europesays.com\/pt\/wp-json\/wp\/v2\/posts"}],"about":[{"href":"https:\/\/www.europesays.com\/pt\/wp-json\/wp\/v2\/types\/post"}],"author":[{"embeddable":true,"href":"https:\/\/www.europesays.com\/pt\/wp-json\/wp\/v2\/users\/2"}],"replies":[{"embeddable":true,"href":"https:\/\/www.europesays.com\/pt\/wp-json\/wp\/v2\/comments?post=493358"}],"version-history":[{"count":0,"href":"https:\/\/www.europesays.com\/pt\/wp-json\/wp\/v2\/posts\/493358\/revisions"}],"wp:featuredmedia":[{"embeddable":true,"href":"https:\/\/www.europesays.com\/pt\/wp-json\/wp\/v2\/media\/493359"}],"wp:attachment":[{"href":"https:\/\/www.europesays.com\/pt\/wp-json\/wp\/v2\/media?parent=493358"}],"wp:term":[{"taxonomy":"category","embeddable":true,"href":"https:\/\/www.europesays.com\/pt\/wp-json\/wp\/v2\/categories?post=493358"},{"taxonomy":"post_tag","embeddable":true,"href":"https:\/\/www.europesays.com\/pt\/wp-json\/wp\/v2\/tags?post=493358"}],"curies":[{"name":"wp","href":"https:\/\/api.w.org\/{rel}","templated":true}]}}