{"id":493380,"date":"2026-08-20T02:12:27","date_gmt":"2026-08-20T02:12:27","guid":{"rendered":"https:\/\/www.europesays.com\/pt\/493380\/"},"modified":"2026-08-20T02:12:27","modified_gmt":"2026-08-20T02:12:27","slug":"aos-92-anos-shirley-maclaine-faz-rara-aparicao-em-video","status":"publish","type":"post","link":"https:\/\/www.europesays.com\/pt\/493380\/","title":{"rendered":"Aos 92 anos, Shirley MacLaine faz rara apari\u00e7\u00e3o em v\u00eddeo"},"content":{"rendered":"<p data-component-name=\"paragraph\" class=\"styles__ParagraphStyled-sc-6adecn-0 geGWDE theme-default  \">Aos 92 anos, <a href=\"https:\/\/www.estadao.com.br\/tudo-sobre\/shirley-maclaine\/\" target=\"_blank\" rel=\"nofollow noopener\" title=\"https:\/\/www.estadao.com.br\/tudo-sobre\/shirley-maclaine\/\"><strong>Shirley MacLaine<\/strong><\/a> fez uma rara apari\u00e7\u00e3o em v\u00eddeo para divulgar uma sess\u00e3o especial de Charity, Meu Amor, musical de 1969 dirigido por <a href=\"https:\/\/www.estadao.com.br\/tudo-sobre\/bob-fosse\/\" target=\"_blank\" rel=\"nofollow noopener\" title=\"https:\/\/www.estadao.com.br\/tudo-sobre\/bob-fosse\/\"><strong>Bob Fosse<\/strong><\/a> e estrelado por ela. Bem-humorada, a atriz aproveitou a ocasi\u00e3o para relembrar o filme e fazer uma brincadeira sobre o desempenho da produ\u00e7\u00e3o nas bilheterias.<\/p>\n<p data-component-name=\"paragraph\" class=\"styles__ParagraphStyled-sc-6adecn-0 geGWDE theme-default  \">\u201cEu gostaria de ver Charity, Meu Amor novamente. Agora, enquanto voc\u00eas estiverem assistindo, lembrem-se de como trabalhamos duro\u201d, disse MacLaine em <a href=\"https:\/\/www.instagram.com\/p\/DcJoxn5xkmw\/?hl=en\" target=\"_blank\" rel=\"noreferrer nofollow noopener\" title=\"https:\/\/www.instagram.com\/p\/DcJoxn5xkmw\/?hl=en\">um v\u00eddeo publicado pelo cinema americano Southampton Playhouse<\/a> antes de exibi\u00e7\u00e3o especial do longa.<\/p>\n<p><img  loading=\"lazy\" class=\"lazy-load-img\"\/><\/p>\n<p>Shirley MacLaine fez uma rara apari\u00e7\u00e3o em v\u00eddeo, aos 92 anos\u00a0Foto:  @southamptonplayhouse via Instagram <\/p>\n<p>Em seguida, a atriz fez uma observa\u00e7\u00e3o bem-humorada sobre o resultado comercial do filme: \u201cE, entre n\u00f3s, ele n\u00e3o foi muito bem\u201d.<\/p>\n<p>Lan\u00e7ado em 1969, Charity, Meu Amor marcou a estreia de <strong>Bob Fosse<\/strong> na dire\u00e7\u00e3o de um longa-metragem. A produ\u00e7\u00e3o foi um fracasso de bilheteria na \u00e9poca, apesar de contar com nomes como <strong>Sammy Davis Jr.<\/strong>, <strong>Chita Rivera<\/strong>, <strong>John McMartin<\/strong>, <strong>Paula Kelly<\/strong> e <strong>Ricardo Montalban<\/strong> no elenco.<\/p>\n<p data-component-name=\"paragraph\" class=\"styles__ParagraphStyled-sc-6adecn-0 geGWDE theme-default  \">Bob, por\u00e9m, conquistaria posteriormente reconhecimento comercial e de cr\u00edtica com Cabaret e All That Jazz.<\/p>\n<p>Oscar e carreira<\/p>\n<p data-component-name=\"paragraph\" class=\"styles__ParagraphStyled-sc-6adecn-0 geGWDE theme-default  \">Shirley MacLaine ganhou o <a href=\"https:\/\/www.estadao.com.br\/tudo-sobre\/oscar-premio-de-cinema\/\" target=\"_blank\" rel=\"nofollow noopener\" title=\"https:\/\/www.estadao.com.br\/tudo-sobre\/oscar-premio-de-cinema\/\"><strong>Oscar<\/strong><\/a> de melhor atriz em 1984 por La\u00e7os de Ternura. Antes da vit\u00f3ria, havia sido indicada ao pr\u00eamio por Momento de Decis\u00e3o, The Other Half of the Sky: A China Memoir, Irma la Douce, Se Meu Apartamento Falasse e Deus Sabe Quanto Amei.<\/p>\n<p data-component-name=\"paragraph\" class=\"styles__ParagraphStyled-sc-6adecn-0 geGWDE theme-default  \">Em dezembro de 2025, a atriz recebeu um pr\u00eamio pelo conjunto da carreira na primeira cerim\u00f4nia do Dance Hall of Fame. A homenagem foi batizada com o nome de MacLaine. \u201cReceber um pr\u00eamio por dan\u00e7ar \u00e9 o reconhecimento mais importante que eu poderia ter\u201d, afirmou a atriz ao receber a homenagem.<\/p>\n<p data-component-name=\"paragraph\" class=\"styles__ParagraphStyled-sc-6adecn-0 geGWDE theme-default  \">Ela tamb\u00e9m contou como come\u00e7ou sua rela\u00e7\u00e3o com a dan\u00e7a: \u201cMinha m\u00e3e me levou para uma aula de dan\u00e7a quando eu tinha tr\u00eas anos porque eu tinha os tornozelos fracos e ca\u00eda, e eu me apaixonei por isso\u201d.<\/p>\n<p>Leia tamb\u00e9m<\/p>\n<p>\u00daltimos trabalhos<\/p>\n<p data-component-name=\"paragraph\" class=\"styles__ParagraphStyled-sc-6adecn-0 geGWDE theme-default  \">A \u00faltima apari\u00e7\u00e3o de MacLaine nas telas foi em 2022, no filme American Dreamer, al\u00e9m de duas participa\u00e7\u00f5es em epis\u00f3dios de Only Murders in the Building.<\/p>\n<p data-component-name=\"paragraph\" class=\"styles__ParagraphStyled-sc-6adecn-0 geGWDE theme-default  \">Em novembro de 2025, a Variety informou que MacLaine e <strong>Ansel Elgort<\/strong> estariam no elenco de Lucy Boomer, uma com\u00e9dia de viagem.<\/p>\n<p>Vale ler tamb\u00e9mDrama franc\u00eas chega ao Brasil transformando luto em uma delicada li\u00e7\u00e3o de afeto <a class=\"link\" title=\"Drama franc\u00eas chega ao Brasil transformando luto em uma delicada li\u00e7\u00e3o de afeto \" href=\"https:\/\/www.estadao.com.br\/cultura\/alice-ferraz\/drama-frances-chega-ao-brasil-transformando-luto-em-uma-delicada-licao-de-afeto\/\" rel=\"nofollow noopener\" target=\"_blank\">Jingles pol\u00edticos feitos com IA s\u00e3o muito ruins, mas h\u00e1 uma estrat\u00e9gia por tr\u00e1s deles<a class=\"link\" title=\"Jingles pol\u00edticos feitos com IA s\u00e3o muito ruins, mas h\u00e1 uma estrat\u00e9gia por tr\u00e1s deles\" href=\"https:\/\/www.estadao.com.br\/cultura\/carol-prado\/jingles-politicos-feitos-com-ia-sao-muito-ruins-mas-ha-uma-estrategia-por-tras-deles\/\" rel=\"nofollow noopener\" target=\"_blank\">Vaticano promove projeto cultural global sobre empatia com estreia no Rio de Janeiro<a class=\"link\" title=\"Vaticano promove projeto cultural global sobre empatia com estreia no Rio de Janeiro\" href=\"https:\/\/www.estadao.com.br\/cultura\/alice-ferraz\/vaticano-promove-projeto-cultural-global-sobre-empatia-com-estreia-no-rio-de-janeiro\/\" rel=\"nofollow noopener\" target=\"_blank\"><script async src=\"\/\/www.instagram.com\/embed.js\"><\/script><\/p>\n","protected":false},"excerpt":{"rendered":"Aos 92 anos, Shirley MacLaine fez uma rara apari\u00e7\u00e3o em v\u00eddeo para divulgar uma sess\u00e3o especial de Charity,&hellip;\n","protected":false},"author":2,"featured_media":493381,"comment_status":"","ping_status":"","sticky":false,"template":"","format":"standard","meta":{"footnotes":"","_share_on_mastodon":"0"},"categories":[145],"tags":[50041,211,210,114,115,2732,32,33],"class_list":["post-493380","post","type-post","status-publish","format-standard","has-post-thumbnail","category-celebridades","tag-alias","tag-celebridades","tag-celebrities","tag-entertainment","tag-entretenimento","tag-geral","tag-portugal","tag-pt"],"share_on_mastodon":{"url":"https:\/\/pubeurope.com\/@pt\/117125417779800671","error":""},"_links":{"self":[{"href":"https:\/\/www.europesays.com\/pt\/wp-json\/wp\/v2\/posts\/493380","targetHints":{"allow":["GET"]}}],"collection":[{"href":"https:\/\/www.europesays.com\/pt\/wp-json\/wp\/v2\/posts"}],"about":[{"href":"https:\/\/www.europesays.com\/pt\/wp-json\/wp\/v2\/types\/post"}],"author":[{"embeddable":true,"href":"https:\/\/www.europesays.com\/pt\/wp-json\/wp\/v2\/users\/2"}],"replies":[{"embeddable":true,"href":"https:\/\/www.europesays.com\/pt\/wp-json\/wp\/v2\/comments?post=493380"}],"version-history":[{"count":0,"href":"https:\/\/www.europesays.com\/pt\/wp-json\/wp\/v2\/posts\/493380\/revisions"}],"wp:featuredmedia":[{"embeddable":true,"href":"https:\/\/www.europesays.com\/pt\/wp-json\/wp\/v2\/media\/493381"}],"wp:attachment":[{"href":"https:\/\/www.europesays.com\/pt\/wp-json\/wp\/v2\/media?parent=493380"}],"wp:term":[{"taxonomy":"category","embeddable":true,"href":"https:\/\/www.europesays.com\/pt\/wp-json\/wp\/v2\/categories?post=493380"},{"taxonomy":"post_tag","embeddable":true,"href":"https:\/\/www.europesays.com\/pt\/wp-json\/wp\/v2\/tags?post=493380"}],"curies":[{"name":"wp","href":"https:\/\/api.w.org\/{rel}","templated":true}]}}