{"id":493390,"date":"2026-08-20T02:20:23","date_gmt":"2026-08-20T02:20:23","guid":{"rendered":"https:\/\/www.europesays.com\/pt\/493390\/"},"modified":"2026-08-20T02:20:23","modified_gmt":"2026-08-20T02:20:23","slug":"o-novo-episodio-de-portugal-criminal-na-sic","status":"publish","type":"post","link":"https:\/\/www.europesays.com\/pt\/493390\/","title":{"rendered":"O novo epis\u00f3dio de \u00abPortugal Criminal\u00bb na SIC"},"content":{"rendered":"<p>  <img width=\"780\" height=\"470\" src=\"https:\/\/www.europesays.com\/pt\/wp-content\/uploads\/2026\/08\/SIC--780x470.jpg\" alt=\"Ap\u00f3s Rei Ghob e o gangue do Multibanco, SIC revela os pr\u00f3ximos casos de \u00abPortugal Criminal\u00bb\" data-main-img=\"1\" decoding=\"async\" fetchpriority=\"high\"\/>   Ap\u00f3s Rei Ghob e o gangue do Multibanco, SIC revela os pr\u00f3ximos casos de \u00abPortugal Criminal\u00bbO espa\u00e7o de investiga\u00e7\u00e3o criminal da esta\u00e7\u00e3o de Pa\u00e7o de Arcos recorda a cronologia da rela\u00e7\u00e3o e a morte do cronista social ocorrida nos Estados Unidos.<\/p>\n<p>O caso do homic\u00eddio do cronista social Carlos Castro vai estar em an\u00e1lise no pr\u00f3ximo domingo no programa \u00abPortugal Criminal\u00bb, emitido na SIC e na plataforma OPTO. A esta\u00e7\u00e3o de Pa\u00e7o de Arcos promoveu a emiss\u00e3o atrav\u00e9s de uma resenha que <strong>recupera a cronologia do crime violento que chocou o pa\u00eds em janeiro de 2011<\/strong>, num hotel em Times Square, Nova Iorque.<\/p>\n<p style=\"text-align:center;margin:28px 0;\"><a href=\"https:\/\/www.google.com\/preferences\/source?q=dioguinho.com\" target=\"_blank\" rel=\"nofollow noopener\" style=\"display:inline-flex !important;align-items:center !important;gap:8px;padding:10px 18px;background:#ffffff;border:1px solid #dadce0;border-radius:999px;color:#3c4043;font-family:Roboto,Arial,sans-serif;font-size:15px;font-weight:700;text-decoration:none;line-height:1.3;box-sizing:border-box;max-width:100%;\"><img loading=\"lazy\" decoding=\"async\" title=\"Novo Fonte preferida no Google\" src=\"https:\/\/www.europesays.com\/pt\/wp-content\/uploads\/2026\/08\/1787192423_941_googleg_48dp.png\" alt=\"Google\" width=\"18\" height=\"18\" style=\"display:inline-block !important;flex-shrink:0 !important;vertical-align:middle !important;margin:0 !important;border:0 !important;width:18px !important;height:18px !important;float:none !important;\"\/>Tornar o Dioguinho a tua fonte preferida no Google<\/a><\/p>\n<p><strong>Leia tamb\u00e9m: <a style=\"color: #ff0000;\" href=\"https:\/\/dioguinho.com\/pai-de-vanessa-sentiu-algum-alivio-com-confissoes-da-filha-na-curva-da-vida\/\" target=\"_blank\" rel=\"noopener nofollow\">Pai de Vanessa sentiu \u201calgum al\u00edvio\u201d com confiss\u00f5es da filha na \u2018Curva da Vida\u2019<\/a><\/strong><\/p>\n<p>\u201c<strong>Renato Seabra, de 21 anos, chama a aten\u00e7\u00e3o de Carlos Castro, de 65, quando aparece na televis\u00e3o, no programa \u2018\u00c0 procura do sonho\u2019. Noventa dias depois da primeira troca de mensagens, Renato Seabra mata brutalmente Carlos Castro num quarto de hotel em Times Square, na cidade de Nova Iorque<\/strong>\u201c, adiantou a esta\u00e7\u00e3o televisiva na apresenta\u00e7\u00e3o do epis\u00f3dio.<\/p>\n<p>A produ\u00e7\u00e3o televisiva vai colocar em debate os desdobramentos judiciais e o futuro da pena aplicada pela justi\u00e7a norte-americana: \u201c<strong>Ser\u00e1 que Renato Seabra pode voltar a Portugal nos pr\u00f3ximos anos?<\/strong>\u201c. A an\u00e1lise detalhada sobre o processo e o percurso penal do jovem portugu\u00eas ser\u00e1 exibida no domingo \u00e0 noite.<\/p>\n<p><strong>Leia tamb\u00e9m: <a style=\"color: #ff0000;\" href=\"https:\/\/dioguinho.com\/luis-nascimento-nao-volta-aos-reality-shows-a-tvi-e-a-endemol-tinham-que-abrir-os-cordoes-a-bolsa\/\" target=\"_blank\" rel=\"noopener nofollow\">Lu\u00eds Nascimento n\u00e3o volta aos reality shows: \u201cA TVI e a Endemol tinham que abrir os cord\u00f5es \u00e0 bolsa\u201d<\/a><\/strong><\/p>\n","protected":false},"excerpt":{"rendered":"Ap\u00f3s Rei Ghob e o gangue do Multibanco, SIC revela os pr\u00f3ximos casos de \u00abPortugal Criminal\u00bbO espa\u00e7o de&hellip;\n","protected":false},"author":2,"featured_media":493391,"comment_status":"","ping_status":"","sticky":false,"template":"","format":"standard","meta":{"footnotes":"","_share_on_mastodon":"0"},"categories":[85],"tags":[11591,78871,3900,78872,114,115,78873,32,75775,33,10978,1751,60300],"class_list":["post-493390","post","type-post","status-publish","format-standard","has-post-thumbnail","category-entretenimento","tag-carlos-castro","tag-carlos-castro-e-renato-seabra","tag-crimes","tag-crimes-nova-iorque","tag-entertainment","tag-entretenimento","tag-opto","tag-portugal","tag-portugal-criminal","tag-pt","tag-renato-seabra","tag-sic","tag-times-square"],"share_on_mastodon":{"url":"https:\/\/pubeurope.com\/@pt\/117125449999967816","error":""},"_links":{"self":[{"href":"https:\/\/www.europesays.com\/pt\/wp-json\/wp\/v2\/posts\/493390","targetHints":{"allow":["GET"]}}],"collection":[{"href":"https:\/\/www.europesays.com\/pt\/wp-json\/wp\/v2\/posts"}],"about":[{"href":"https:\/\/www.europesays.com\/pt\/wp-json\/wp\/v2\/types\/post"}],"author":[{"embeddable":true,"href":"https:\/\/www.europesays.com\/pt\/wp-json\/wp\/v2\/users\/2"}],"replies":[{"embeddable":true,"href":"https:\/\/www.europesays.com\/pt\/wp-json\/wp\/v2\/comments?post=493390"}],"version-history":[{"count":0,"href":"https:\/\/www.europesays.com\/pt\/wp-json\/wp\/v2\/posts\/493390\/revisions"}],"wp:featuredmedia":[{"embeddable":true,"href":"https:\/\/www.europesays.com\/pt\/wp-json\/wp\/v2\/media\/493391"}],"wp:attachment":[{"href":"https:\/\/www.europesays.com\/pt\/wp-json\/wp\/v2\/media?parent=493390"}],"wp:term":[{"taxonomy":"category","embeddable":true,"href":"https:\/\/www.europesays.com\/pt\/wp-json\/wp\/v2\/categories?post=493390"},{"taxonomy":"post_tag","embeddable":true,"href":"https:\/\/www.europesays.com\/pt\/wp-json\/wp\/v2\/tags?post=493390"}],"curies":[{"name":"wp","href":"https:\/\/api.w.org\/{rel}","templated":true}]}}