{"id":493446,"date":"2026-08-20T03:32:32","date_gmt":"2026-08-20T03:32:32","guid":{"rendered":"https:\/\/www.europesays.com\/pt\/493446\/"},"modified":"2026-08-20T03:32:32","modified_gmt":"2026-08-20T03:32:32","slug":"o-mirante-morte-de-idoso-amputado-em-vale-de-judeus-reacende-criticas-as-condicoes-nas-prisoes","status":"publish","type":"post","link":"https:\/\/www.europesays.com\/pt\/493446\/","title":{"rendered":"O MIRANTE | Morte de idoso amputado em Vale de Judeus reacende cr\u00edticas \u00e0s condi\u00e7\u00f5es nas pris\u00f5es"},"content":{"rendered":"<p> Um recluso com mais de 70 anos, amputado de ambas as pernas e dependente de cadeira de rodas, morreu na madrugada de domingo, 16 de Agosto, no Estabelecimento Prisional de Vale de Judeus, no concelho de Azambuja. Segundo informa\u00e7\u00e3o divulgada pela Associa\u00e7\u00e3o Portuguesa de Apoio ao Recluso (APAR), o homem tinha regressado poucas horas antes de uma sa\u00edda jurisdicional, habitualmente conhecida como prec\u00e1ria, durante a qual estivera junto da fam\u00edlia. <\/p>\n<p> \u00c9 a segunda morte ocorrida em Vale de Judeus no mesmo fim-de-semana. Como O MIRANTE noticiou, outro recluso, de 35 anos, morreu depois de ter sido observado no Hospital de Vila Franca de Xira devido a problemas intestinais graves e ter regressado ao estabelecimento prisional. <\/p>\n<p> Perante a nova morte, a APAR volta a criticar a forma como s\u00e3o aplicadas as medidas de flexibiliza\u00e7\u00e3o das penas, defendendo que existem nas pris\u00f5es portuguesas centenas de reclusos idosos, gravemente doentes ou com limita\u00e7\u00f5es f\u00edsicas profundas que poderiam cumprir pena em pris\u00e3o domicili\u00e1ria ou beneficiar de liberdade condicional, desde que reunidas as condi\u00e7\u00f5es legais. <\/p>\n<p> A associa\u00e7\u00e3o considera dif\u00edcil compreender que um recluso tenha condi\u00e7\u00f5es para sair temporariamente da cadeia e permanecer dois ou tr\u00eas dias em casa da fam\u00edlia mas continue a ter de regressar ao estabelecimento prisional mesmo quando a idade e o estado de sa\u00fade tornam especialmente penosa a perman\u00eancia em reclus\u00e3o. <\/p>\n<p> A APAR deixa ainda fortes cr\u00edticas \u00e0s decis\u00f5es dos Tribunais de Execu\u00e7\u00e3o de Penas e sustenta que a reduzida utiliza\u00e7\u00e3o de mecanismos como a liberdade condicional contribui para a sobrelota\u00e7\u00e3o das pris\u00f5es. <\/p>\n","protected":false},"excerpt":{"rendered":"Um recluso com mais de 70 anos, amputado de ambas as pernas e dependente de cadeira de rodas,&hellip;\n","protected":false},"author":2,"featured_media":493447,"comment_status":"","ping_status":"","sticky":false,"template":"","format":"standard","meta":{"footnotes":"","_share_on_mastodon":"0"},"categories":[10],"tags":[27,28,15,16,14,6569,6568,25,26,21,22,12,13,19,20,32,23,24,33,3551,5314,17,18,29,30,31],"class_list":["post-493446","post","type-post","status-publish","format-standard","has-post-thumbnail","category-portugal","tag-breaking-news","tag-breakingnews","tag-featured-news","tag-featurednews","tag-headlines","tag-jornal-regional","tag-jornalismo-de-proximidade","tag-latest-news","tag-latestnews","tag-main-news","tag-mainnews","tag-news","tag-noticias","tag-noticias-principais","tag-noticiasprincipais","tag-portugal","tag-principais-noticias","tag-principaisnoticias","tag-pt","tag-regiao","tag-ribatejo","tag-top-stories","tag-topstories","tag-ultimas","tag-ultimas-noticias","tag-ultimasnoticias"],"share_on_mastodon":{"url":"https:\/\/pubeurope.com\/@pt\/117125732528469860","error":""},"_links":{"self":[{"href":"https:\/\/www.europesays.com\/pt\/wp-json\/wp\/v2\/posts\/493446","targetHints":{"allow":["GET"]}}],"collection":[{"href":"https:\/\/www.europesays.com\/pt\/wp-json\/wp\/v2\/posts"}],"about":[{"href":"https:\/\/www.europesays.com\/pt\/wp-json\/wp\/v2\/types\/post"}],"author":[{"embeddable":true,"href":"https:\/\/www.europesays.com\/pt\/wp-json\/wp\/v2\/users\/2"}],"replies":[{"embeddable":true,"href":"https:\/\/www.europesays.com\/pt\/wp-json\/wp\/v2\/comments?post=493446"}],"version-history":[{"count":0,"href":"https:\/\/www.europesays.com\/pt\/wp-json\/wp\/v2\/posts\/493446\/revisions"}],"wp:featuredmedia":[{"embeddable":true,"href":"https:\/\/www.europesays.com\/pt\/wp-json\/wp\/v2\/media\/493447"}],"wp:attachment":[{"href":"https:\/\/www.europesays.com\/pt\/wp-json\/wp\/v2\/media?parent=493446"}],"wp:term":[{"taxonomy":"category","embeddable":true,"href":"https:\/\/www.europesays.com\/pt\/wp-json\/wp\/v2\/categories?post=493446"},{"taxonomy":"post_tag","embeddable":true,"href":"https:\/\/www.europesays.com\/pt\/wp-json\/wp\/v2\/tags?post=493446"}],"curies":[{"name":"wp","href":"https:\/\/api.w.org\/{rel}","templated":true}]}}