{"id":493660,"date":"2026-08-20T09:23:26","date_gmt":"2026-08-20T09:23:26","guid":{"rendered":"https:\/\/www.europesays.com\/pt\/493660\/"},"modified":"2026-08-20T09:23:26","modified_gmt":"2026-08-20T09:23:26","slug":"joao-silva-e-patricia-abravanel-recriam-foto-historica-dos-pais","status":"publish","type":"post","link":"https:\/\/www.europesays.com\/pt\/493660\/","title":{"rendered":"Jo\u00e3o Silva e Patricia Abravanel recriam foto hist\u00f3rica dos pais"},"content":{"rendered":"<p><img decoding=\"async\" fetchpriority=\"high\" src=\"https:\/\/www.europesays.com\/pt\/wp-content\/uploads\/2026\/08\/cwkbdcdysrlpkl7oapuwxu8ys.jpg\" width=\"906\" height=\"509\" alt=\"Jo\u00e3o Silva e Patr\u00edcia Abravanel resgatam legado de Faust\u00e3o e Silvio Santos\" title=\"Jo\u00e3o Silva e Patr\u00edcia Abravanel resgatam legado de Faust\u00e3o e Silvio Santos\"\/>Reprodu\u00e7\u00e3o SBT\/Instagram<\/p>\n<p>Jo\u00e3o Silva e Patr\u00edcia Abravanel resgatam legado de Faust\u00e3o e Silvio Santos<\/p>\n<p><strong>Jo\u00e3o Silva<\/strong> e <strong>Patricia Abravanel<\/strong> surpreenderam os seguidores nesta \u00faltima ter\u00e7a-feira (18) ao recriarem uma foto hist\u00f3rica de seus pais, <strong>Fausto Silva<\/strong> e <strong>Silvio Santos<\/strong>. O registro chamou aten\u00e7\u00e3o n\u00e3o apenas pela semelhan\u00e7a com a imagem original, mas tamb\u00e9m pelo significado da homenagem, j\u00e1 que os dois seguiram os passos dos pais e constru\u00edram suas pr\u00f3prias trajet\u00f3rias na televis\u00e3o.<\/p>\n<p class=\"\">Na legenda da publica\u00e7\u00e3o, Jo\u00e3o refletiu sobre a passagem do tempo e o legado deixado pelos dois apresentadores . \u201cQuem poderia imaginar?\u201d, escreveu ele, que comando um programa nas noites de s\u00e1bado do SBT.\u00a0<\/p>\n<p><a><img decoding=\"async\" loading=\"lazy\" alt=\"Foto: Reprodu\u00e7\u00e3o Instagram\/SBT \" src=\"https:\/\/www.europesays.com\/pt\/wp-content\/uploads\/2026\/08\/bz0vnblqaiyfrvg98o5phdc2c.jpg\"\/><\/a><a><img decoding=\"async\" loading=\"lazy\" alt=\"Foto: Reprodu\u00e7\u00e3o Instagram\/Arquivo Pessoal\" src=\"https:\/\/www.europesays.com\/pt\/wp-content\/uploads\/2026\/08\/4332g8bfkzr9y09l7f6n4m3fu.jpg\"\/><\/a>Silvio Santos morreu aos 93 anos<\/p>\n<p>Silvio Santos morreu em 17 de agosto de 2024, em <strong>S\u00e3o Paulo<\/strong>. O apresentador estava internado no <strong>Hospital Israelita Albert Einstein<\/strong> e, segundo informa\u00e7\u00f5es divulgadas \u00e0 \u00e9poca, a causa da morte foi broncopneumonia ap\u00f3s infec\u00e7\u00e3o por Influenza A.<\/p>\n<p><img decoding=\"async\" fetchpriority=\"high\" src=\"https:\/\/www.europesays.com\/pt\/wp-content\/uploads\/2026\/08\/6s6jzmgsajh0zhzundgnxy5ys.jpg\" width=\"906\" height=\"509\" alt=\"Silvio Santos \" title=\"Silvio Santos \"\/>Reprodu\u00e7\u00e3o\/Internet<\/p>\n<p>Silvio Santos<\/p>\n<p class=\"\">Com uma carreira marcada por programas de audit\u00f3rio, comunica\u00e7\u00e3o popular e pela cria\u00e7\u00e3o do SBT, Silvio deixou um dos maiores legados da hist\u00f3ria da televis\u00e3o brasileira. Ap\u00f3s sua morte, Patricia Abravanel passou a representar ainda mais diretamente a fam\u00edlia na programa\u00e7\u00e3o da emissora ao assumir o programa que era apresentado pelo pai.\u00a0<\/p>\n<p>Fausto Silva se afastou da televis\u00e3o<\/p>\n<p class=\"\">Fausto Silva tamb\u00e9m viveu uma mudan\u00e7a importante em sua carreira nos \u00faltimos anos. Depois de deixar a <strong>TV Globo<\/strong> em 2021, ap\u00f3s mais de tr\u00eas d\u00e9cadas na emissora, o apresentador retornou \u00e0 televis\u00e3o pela <strong>Band<\/strong>, onde comandou o <strong>&#8220;Faust\u00e3o na Band&#8221;<\/strong>.<\/p>\n<p><img decoding=\"async\" fetchpriority=\"high\" src=\"https:\/\/www.europesays.com\/pt\/wp-content\/uploads\/2026\/08\/1787217806_957_drohlrpfdcklhhzoxuwobkfsp.jpg\" width=\"906\" height=\"509\" alt=\"Fausto Silva \" title=\"Fausto Silva \"\/>Reprodu\u00e7\u00e3o\/Band<\/p>\n<p>Fausto Silva<\/p>\n<p class=\"\">O programa estreou em 2022, mas chegou ao fim no mesmo ano. Desde ent\u00e3o, Fausto Silva est\u00e1 afastado da televis\u00e3o e passou a manter uma rotina mais reservada. A sa\u00edda da TV ocorreu ap\u00f3s uma longa trajet\u00f3ria marcada pelo <strong>&#8220;Doming\u00e3o do Faust\u00e3o&#8221;<\/strong>, programa que se tornou um dos grandes sucessos dos domingos na televis\u00e3o brasileira.\u00a0<\/p>\n","protected":false},"excerpt":{"rendered":"Reprodu\u00e7\u00e3o SBT\/Instagram Jo\u00e3o Silva e Patr\u00edcia Abravanel resgatam legado de Faust\u00e3o e Silvio Santos Jo\u00e3o Silva e Patricia&hellip;\n","protected":false},"author":2,"featured_media":493661,"comment_status":"","ping_status":"","sticky":false,"template":"","format":"standard","meta":{"footnotes":"","_share_on_mastodon":"0"},"categories":[145],"tags":[1391,211,210,114,115,980,6456,78931,32,33,936,10646,2323],"class_list":["post-493660","post","type-post","status-publish","format-standard","has-post-thumbnail","category-celebridades","tag-band","tag-celebridades","tag-celebrities","tag-entertainment","tag-entretenimento","tag-famosos","tag-faustao","tag-historia-da-televisao","tag-portugal","tag-pt","tag-sbt","tag-silvio-santos","tag-tv-globo"],"share_on_mastodon":{"url":"https:\/\/pubeurope.com\/@pt\/117127113604069923","error":""},"_links":{"self":[{"href":"https:\/\/www.europesays.com\/pt\/wp-json\/wp\/v2\/posts\/493660","targetHints":{"allow":["GET"]}}],"collection":[{"href":"https:\/\/www.europesays.com\/pt\/wp-json\/wp\/v2\/posts"}],"about":[{"href":"https:\/\/www.europesays.com\/pt\/wp-json\/wp\/v2\/types\/post"}],"author":[{"embeddable":true,"href":"https:\/\/www.europesays.com\/pt\/wp-json\/wp\/v2\/users\/2"}],"replies":[{"embeddable":true,"href":"https:\/\/www.europesays.com\/pt\/wp-json\/wp\/v2\/comments?post=493660"}],"version-history":[{"count":0,"href":"https:\/\/www.europesays.com\/pt\/wp-json\/wp\/v2\/posts\/493660\/revisions"}],"wp:featuredmedia":[{"embeddable":true,"href":"https:\/\/www.europesays.com\/pt\/wp-json\/wp\/v2\/media\/493661"}],"wp:attachment":[{"href":"https:\/\/www.europesays.com\/pt\/wp-json\/wp\/v2\/media?parent=493660"}],"wp:term":[{"taxonomy":"category","embeddable":true,"href":"https:\/\/www.europesays.com\/pt\/wp-json\/wp\/v2\/categories?post=493660"},{"taxonomy":"post_tag","embeddable":true,"href":"https:\/\/www.europesays.com\/pt\/wp-json\/wp\/v2\/tags?post=493660"}],"curies":[{"name":"wp","href":"https:\/\/api.w.org\/{rel}","templated":true}]}}