{"id":494004,"date":"2026-08-20T15:12:14","date_gmt":"2026-08-20T15:12:14","guid":{"rendered":"https:\/\/www.europesays.com\/pt\/494004\/"},"modified":"2026-08-20T15:12:14","modified_gmt":"2026-08-20T15:12:14","slug":"depois-do-casamento-deputada-do-ps-e-mulher-escolhem-este-pais-para-a-lua-de-mel-noticias-de-hoje","status":"publish","type":"post","link":"https:\/\/www.europesays.com\/pt\/494004\/","title":{"rendered":"Depois do casamento, deputada do PS e mulher escolhem este pa\u00eds para a lua de mel | Not\u00edcias de hoje"},"content":{"rendered":"<p>Eva Cruzeiro Pacheco e Naima Cruzeiro Pacheco est\u00e3o a viver os primeiros dias de casadas em S\u00e3o Paulo, no Brasil. Depois de trocarem alian\u00e7as a 13 de agosto, as duas escolheram a cidade brasileira para a lua de mel e t\u00eam partilhado alguns momentos da viagem nas redes sociais.<\/p>\n<p>Eva Cruzeiro Pacheco, conhecida tamb\u00e9m pelo nome art\u00edstico Eva Rapdiva, passou a usar o apelido da mulher depois do casamento. Naima Pacheco adotou igualmente o apelido Cruzeiro, passando a apresentar-se como Naima Cruzeiro Pacheco.<\/p>\n<p>A lua de mel acontece poucos dias depois do casamento e tem S\u00e3o Paulo como cen\u00e1rio. Nas redes sociais, Eva n\u00e3o esconde a felicidade por esta nova fase da vida e deixou uma mensagem aos seguidores a prop\u00f3sito da viagem.<\/p>\n<p><strong>\u201cPrimeiro dia de S\u00e3o Paulo na fase mais feliz da minha vida. Obrigada a todos pelas felicita\u00e7\u00f5es, gratid\u00e3o!\u201d,<\/strong> escreveu a deputada, acompanhando a publica\u00e7\u00e3o com imagens da passagem pela cidade brasileira.<\/p>\n<p>Uma nova fase para Eva Cruzeiro Pacheco <\/p>\n<p>Nascida em 1988, Eva Marise Cruzeiro Alexandre, conhecida artisticamente como Eva Rapdiva, tem uma carreira ligada \u00e0 m\u00fasica e \u00e0 cultura urbana. Luso-angolana, destacou-se enquanto rapper e, mais tarde, entrou tamb\u00e9m na pol\u00edtica.<\/p>\n<p>Atualmente, \u00e9 deputada pelo Partido Socialista, eleita pelo c\u00edrculo eleitoral de Lisboa. Paralelamente \u00e0 carreira art\u00edstica e pol\u00edtica, tem forma\u00e7\u00e3o acad\u00e9mica em Ci\u00eancia Pol\u00edtica e Rela\u00e7\u00f5es Internacionais e uma p\u00f3s-gradua\u00e7\u00e3o em Gest\u00e3o Financeira e Direitos Humanos pelo Instituto de Estudos Pol\u00edticos da Universidade Cat\u00f3lica Portuguesa.<\/p>\n<p>Naima Cruzeiro Pacheco, por sua vez, apresenta-se como digital creator, com trabalho ligado \u00e0s \u00e1reas da comunica\u00e7\u00e3o, beleza e lifestyle. \u00c9 tamb\u00e9m formada em Arquitetura.<\/p>\n<p>S\u00e3o Paulo como destino de lua de mel <\/p>\n<p>\u00c9 na maior cidade do Brasil que Eva e Naima est\u00e3o a aproveitar os primeiros dias desta nova etapa enquanto casal. Atrav\u00e9s das redes sociais, t\u00eam mostrado alguns momentos da viagem, permitindo aos seguidores acompanhar, ainda que de forma parcial, a lua de mel.<\/p>\n","protected":false},"excerpt":{"rendered":"Eva Cruzeiro Pacheco e Naima Cruzeiro Pacheco est\u00e3o a viver os primeiros dias de casadas em S\u00e3o Paulo,&hellip;\n","protected":false},"author":2,"featured_media":494005,"comment_status":"","ping_status":"","sticky":false,"template":"","format":"standard","meta":{"footnotes":"","_share_on_mastodon":"0"},"categories":[145],"tags":[1435,211,210,78988,114,115,78987,77807,488,1649,78469,13,15086,14538,32,33,78989,78990],"class_list":["post-494004","post","type-post","status-publish","format-standard","has-post-thumbnail","category-celebridades","tag-casamento","tag-celebridades","tag-celebrities","tag-deputada-ps","tag-entertainment","tag-entretenimento","tag-eva-cruzeiro-pacheco","tag-eva-rapdiva","tag-iol","tag-lua-de-mel","tag-naima-pacheco","tag-noticias","tag-partido-socialista","tag-politica-portuguesa","tag-portugal","tag-pt","tag-sao-paulo-brasil","tag-viagem-a-sao-paulo"],"share_on_mastodon":{"url":"https:\/\/pubeurope.com\/@pt\/117128485201283944","error":""},"_links":{"self":[{"href":"https:\/\/www.europesays.com\/pt\/wp-json\/wp\/v2\/posts\/494004","targetHints":{"allow":["GET"]}}],"collection":[{"href":"https:\/\/www.europesays.com\/pt\/wp-json\/wp\/v2\/posts"}],"about":[{"href":"https:\/\/www.europesays.com\/pt\/wp-json\/wp\/v2\/types\/post"}],"author":[{"embeddable":true,"href":"https:\/\/www.europesays.com\/pt\/wp-json\/wp\/v2\/users\/2"}],"replies":[{"embeddable":true,"href":"https:\/\/www.europesays.com\/pt\/wp-json\/wp\/v2\/comments?post=494004"}],"version-history":[{"count":0,"href":"https:\/\/www.europesays.com\/pt\/wp-json\/wp\/v2\/posts\/494004\/revisions"}],"wp:featuredmedia":[{"embeddable":true,"href":"https:\/\/www.europesays.com\/pt\/wp-json\/wp\/v2\/media\/494005"}],"wp:attachment":[{"href":"https:\/\/www.europesays.com\/pt\/wp-json\/wp\/v2\/media?parent=494004"}],"wp:term":[{"taxonomy":"category","embeddable":true,"href":"https:\/\/www.europesays.com\/pt\/wp-json\/wp\/v2\/categories?post=494004"},{"taxonomy":"post_tag","embeddable":true,"href":"https:\/\/www.europesays.com\/pt\/wp-json\/wp\/v2\/tags?post=494004"}],"curies":[{"name":"wp","href":"https:\/\/api.w.org\/{rel}","templated":true}]}}