{"id":494052,"date":"2026-08-20T15:52:15","date_gmt":"2026-08-20T15:52:15","guid":{"rendered":"https:\/\/www.europesays.com\/pt\/494052\/"},"modified":"2026-08-20T15:52:15","modified_gmt":"2026-08-20T15:52:15","slug":"putin-homenageia-principe-que-derrotou-os-mongois-descoberta-no-kremlin-e-associada-a-guerra-na-ucrania","status":"publish","type":"post","link":"https:\/\/www.europesays.com\/pt\/494052\/","title":{"rendered":"Putin homenageia pr\u00edncipe que derrotou os mong\u00f3is. Descoberta no Kremlin \u00e9 associada \u00e0 guerra na Ucr\u00e2nia"},"content":{"rendered":"<p>                Respons\u00e1veis russos acreditam que poder\u00e1 elevar o moral dos soldados<\/p>\n<p>O presidente da R\u00fassia, Vladimir Putin, prestou esta quinta-feira homenagem ao pr\u00edncipe medieval Dmitri Donskoi, canonizado h\u00e1 quase quatro d\u00e9cadas, ap\u00f3s a descoberta de um sarc\u00f3fago com os seus restos mortais na Catedral do Arcanjo, no Kremlin.<\/p>\n<p>&#8220;\u00c9 uma descoberta \u00fanica e milagrosa. Isto refor\u00e7a os alicerces da nossa hist\u00f3ria&#8221;, afirmou Putin, que se assume como crente e foi batizado em segredo durante o per\u00edodo sovi\u00e9tico.<\/p>\n<p>O l\u00edder russo, que est\u00e1 no poder h\u00e1 26 anos, mais tempo do que a grande maioria dos l\u00edderes e czares da hist\u00f3ria do pa\u00eds, participou numa cerim\u00f3nia religiosa na catedral.<\/p>\n<p>Foi mostrada a Putin a rel\u00edquia do gr\u00e3o-pr\u00edncipe Dmitri Donskoi, conhecido pela vit\u00f3ria sobre os mong\u00f3is na batalha de Kulikovo, em 1380, nas margens do rio Don, perante a qual fez o sinal da cruz e acendeu uma vela.<\/p>\n<p>Depois da vit\u00f3ria nessa batalha decisiva, o pr\u00edncipe Dmitri de Moscovo ficou para a hist\u00f3ria como Dmitri Donskoi.<\/p>\n<p>Desde a descoberta do sarc\u00f3fago, respons\u00e1veis e pol\u00edticos russos t\u00eam afirmado que o acontecimento \u00e9 simb\u00f3lico por coincidir com a campanha militar russa na Ucr\u00e2nia e chegaram mesmo a prever que servir\u00e1 para elevar o moral dos soldados.<\/p>\n<p>A este respeito, a Igreja manifestou-se esta quinta-feira a favor de expor &#8220;o mais rapidamente poss\u00edvel&#8221; os restos mortais de Donskoi, para que os soldados possam prestar-lhe homenagem.<\/p>\n<p>Dmitri Donskoi (1350-1389) \u00e9 considerado o primeiro pr\u00edncipe medieval a desafiar os mong\u00f3is, que derrotou na lend\u00e1ria batalha de Kulikovo (1380), embora a R\u00fassia s\u00f3 se tenha libertado totalmente do seu dom\u00ednio no final do s\u00e9culo XV.<\/p>\n<p>Na verdade, os mong\u00f3is conseguiram recuperar a iniciativa e tomaram Moscovo em 1382, ap\u00f3s o que Donskoi foi obrigado a retomar o pagamento de tributos \u00e0 chamada Horda de Ouro.<\/p>\n<p>Al\u00e9m disso, segundo a hist\u00f3ria, foi Donskoi quem ordenou o lan\u00e7amento da primeira pedra do Kremlin, que se tornou a maior fortaleza da regi\u00e3o nordeste da R\u00fassia.<\/p>\n","protected":false},"excerpt":{"rendered":"Respons\u00e1veis russos acreditam que poder\u00e1 elevar o moral dos soldados O presidente da R\u00fassia, Vladimir Putin, prestou esta&hellip;\n","protected":false},"author":2,"featured_media":494053,"comment_status":"","ping_status":"","sticky":false,"template":"","format":"standard","meta":{"footnotes":"","_share_on_mastodon":"0"},"categories":[50],"tags":[609,836,611,27,28,79000,607,608,333,832,604,135,610,79001,476,15,16,301,830,14,603,6164,25,26,570,21,22,831,833,62,834,12,13,19,20,835,602,52,32,23,24,17,18,29,30,31,2415,63,64,65],"class_list":["post-494052","post","type-post","status-publish","format-standard","has-post-thumbnail","category-mundo","tag-alerta","tag-analise","tag-ao-minuto","tag-breaking-news","tag-breakingnews","tag-catedral-do-arcanjo","tag-cnn","tag-cnn-portugal","tag-comentadores","tag-costa","tag-crime","tag-desporto","tag-direto","tag-dmitri-donskoi","tag-economia","tag-featured-news","tag-featurednews","tag-governo","tag-guerra","tag-headlines","tag-justica","tag-kremlin","tag-latest-news","tag-latestnews","tag-live","tag-main-news","tag-mainnews","tag-mais-vistas","tag-marcelo","tag-mundo","tag-negocios","tag-news","tag-noticias","tag-noticias-principais","tag-noticiasprincipais","tag-opiniao","tag-pais","tag-politica","tag-portugal","tag-principais-noticias","tag-principaisnoticias","tag-top-stories","tag-topstories","tag-ultimas","tag-ultimas-noticias","tag-ultimasnoticias","tag-vladimir-putin","tag-world","tag-world-news","tag-worldnews"],"share_on_mastodon":{"url":"","error":"Validation failed: Text character limit of 500 exceeded"},"_links":{"self":[{"href":"https:\/\/www.europesays.com\/pt\/wp-json\/wp\/v2\/posts\/494052","targetHints":{"allow":["GET"]}}],"collection":[{"href":"https:\/\/www.europesays.com\/pt\/wp-json\/wp\/v2\/posts"}],"about":[{"href":"https:\/\/www.europesays.com\/pt\/wp-json\/wp\/v2\/types\/post"}],"author":[{"embeddable":true,"href":"https:\/\/www.europesays.com\/pt\/wp-json\/wp\/v2\/users\/2"}],"replies":[{"embeddable":true,"href":"https:\/\/www.europesays.com\/pt\/wp-json\/wp\/v2\/comments?post=494052"}],"version-history":[{"count":0,"href":"https:\/\/www.europesays.com\/pt\/wp-json\/wp\/v2\/posts\/494052\/revisions"}],"wp:featuredmedia":[{"embeddable":true,"href":"https:\/\/www.europesays.com\/pt\/wp-json\/wp\/v2\/media\/494053"}],"wp:attachment":[{"href":"https:\/\/www.europesays.com\/pt\/wp-json\/wp\/v2\/media?parent=494052"}],"wp:term":[{"taxonomy":"category","embeddable":true,"href":"https:\/\/www.europesays.com\/pt\/wp-json\/wp\/v2\/categories?post=494052"},{"taxonomy":"post_tag","embeddable":true,"href":"https:\/\/www.europesays.com\/pt\/wp-json\/wp\/v2\/tags?post=494052"}],"curies":[{"name":"wp","href":"https:\/\/api.w.org\/{rel}","templated":true}]}}